{"id":930,"date":"2026-09-05T16:32:01","date_gmt":"2026-09-05T16:32:01","guid":{"rendered":"https:\/\/canakkaleulushaber.com\/?p=930"},"modified":"2026-09-05T16:33:54","modified_gmt":"2026-09-05T16:33:54","slug":"kurumlar-hizmet-icin-birbiriyle-yarissin","status":"publish","type":"post","link":"https:\/\/canakkaleulushaber.com\/index.php\/2026\/09\/05\/kurumlar-hizmet-icin-birbiriyle-yarissin\/","title":{"rendered":"\u201cKURUMLAR H\u0130ZMET \u0130\u00c7\u0130N B\u0130RB\u0130R\u0130YLE YARI\u015eSIN!\u201d"},"content":{"rendered":"<h1>KARACA\u00d6REN\u2019\u0130N YOLLARI NE ZAMAN YAPILACAK?<\/h1>\n<h2>Y\u0131llard\u0131r bildiriliyor, yollar h\u00e2l\u00e2 bozuk! \u00c7anakkale\u2019nin \u00f6nemli k\u00f6ylerinden Karaca\u00f6ren hizmet bekliyor<\/h2>\n<p class=\"isSelectedEnd\"><strong>\u00c7ANAKKALE \u2013<\/strong> \u00c7anakkale\u2019nin \u00f6nemli yerle\u015fimlerinden biri olan <strong>Karaca\u00f6ren K\u00f6y\u00fc<\/strong>, y\u0131llard\u0131r \u00e7\u00f6z\u00fcm bekleyen yol sorunuyla yeniden g\u00fcndemde.<\/p>\n<p class=\"isSelectedEnd\">K\u00f6y muhtarl\u0131\u011f\u0131n\u0131n, bozuk ve kullan\u0131m\u0131 zorla\u015fan yollarla ilgili olarak ilgili kurumlara defalarca bildirimde bulundu\u011fu ifade edilirken, aradan ge\u00e7en y\u0131llara ra\u011fmen beklenen bak\u0131m ve onar\u0131m \u00e7al\u0131\u015fmalar\u0131n\u0131n yeterli d\u00fczeyde yap\u0131lmad\u0131\u011f\u0131 belirtiliyor.<\/p>\n<h3>MUHTAR B\u0130LD\u0130R\u0130YOR, KURUMLAR NEDEN HAREKETE GE\u00c7M\u0130YOR?<\/h3>\n<p class=\"isSelectedEnd\">Karaca\u00f6ren K\u00f6y\u00fc Muhtarl\u0131\u011f\u0131 taraf\u0131ndan yollar\u0131n durumu \u00e7e\u015fitli d\u00f6nemlerde ilgili kurumlara iletilmesine ra\u011fmen vatanda\u015flar\u0131n h\u00e2l\u00e2 ayn\u0131 sorunla kar\u015f\u0131 kar\u015f\u0131ya kalmas\u0131, k\u00f6y halk\u0131nda hakl\u0131 bir soru i\u015fareti olu\u015fturuyor:<\/p>\n<p class=\"isSelectedEnd\"><strong>\u201cDaha ka\u00e7 kez bildirilmesi gerekiyor?\u201d<\/strong><\/p>\n<p class=\"isSelectedEnd\">K\u00f6y yollar\u0131 yaln\u0131zca bir ula\u015f\u0131m meselesi de\u011fildir.<\/p>\n<p class=\"isSelectedEnd\">Bu yollar; \u00e7ift\u00e7inin tarlas\u0131na, \u00fcreticinin \u00fcr\u00fcn\u00fcne, \u00f6\u011frencinin okuluna, vatanda\u015f\u0131n hastaneye ula\u015fmas\u0131na ve k\u00f6y\u00fcn \u00c7anakkale ile ba\u011flant\u0131s\u0131na hizmet etmektedir.<\/p>\n<p class=\"isSelectedEnd\">Yol bozuksa yaln\u0131zca ara\u00e7lar zarar g\u00f6rmez; <strong>k\u00f6y\u00fcn ekonomik ve sosyal hayat\u0131 da bundan etkilenir.<\/strong><\/p>\n<h3>KARACA\u00d6REN \u00c7ANAKKALE \u0130\u00c7\u0130N NEDEN \u00d6NEML\u0130?<\/h3>\n<p class=\"isSelectedEnd\">Karaca\u00f6ren, \u00c7anakkale&#8217;nin k\u0131rsal ya\u015fam\u0131n\u0131 ve \u00fcretim g\u00fcc\u00fcn\u00fc temsil eden k\u00f6ylerinden biridir.<\/p>\n<p class=\"isSelectedEnd\">\u00c7anakkale&#8217;nin gelece\u011finde tar\u0131m, hayvanc\u0131l\u0131k, k\u0131rsal kalk\u0131nma ve \u00fcretimin \u00f6nemli bir yeri varsa, bu \u00fcretimi ayakta tutan k\u00f6ylerin ula\u015f\u0131m sorunlar\u0131n\u0131n da \u00f6ncelikli olarak ele al\u0131nmas\u0131 gerekiyor.<\/p>\n<p class=\"isSelectedEnd\">K\u0131rsal b\u00f6lgelerde yol demek;<\/p>\n<p class=\"isSelectedEnd\"><strong>\u00fcretim demek, ula\u015f\u0131m demek, g\u00fcvenlik demek, ekonomi demek ve ya\u015fam demektir.<\/strong><\/p>\n<p class=\"isSelectedEnd\">Bu nedenle Karaca\u00f6ren\u2019in yol sorunu sadece Karaca\u00f6renlilerin sorunu olarak g\u00f6r\u00fclmemelidir.<\/p>\n<h3>\u00c7ANAKKALE ULUS HABER\u2019DEN \u00c7A\u011eRI:<\/h3>\n<h2>\u201cKURUMLAR H\u0130ZMET \u0130\u00c7\u0130N B\u0130RB\u0130R\u0130YLE YARI\u015eSIN!\u201d<\/h2>\n<p class=\"isSelectedEnd\">\u00c7anakkale Ulus Haber olarak buradan ilgili t\u00fcm kurumlara a\u00e7\u0131k bir \u00e7a\u011fr\u0131da bulunuyoruz:<\/p>\n<p class=\"isSelectedEnd\"><strong>Karaca\u00f6ren\u2019in yolunu kim yapacak tart\u0131\u015fmas\u0131 yerine, \u201cKim daha \u00f6nce hizmet g\u00f6t\u00fcrecek?\u201d yar\u0131\u015f\u0131n\u0131n ba\u015flamas\u0131n\u0131 istiyoruz.<\/strong><\/p>\n<p class=\"isSelectedEnd\">\u00c7anakkale Belediyesi, \u0130l \u00d6zel \u0130daresi ve sorumluluk alan\u0131na giren di\u011fer kamu kurumlar\u0131; yetki tart\u0131\u015fmas\u0131 yapmak yerine vatanda\u015f\u0131n ma\u011fduriyetini gidermek i\u00e7in <strong>koordinasyon i\u00e7inde hareket etmelidir.<\/strong><\/p>\n<p class=\"isSelectedEnd\">\u00c7\u00fcnk\u00fc vatanda\u015f\u0131n beklentisi \u00e7ok a\u00e7\u0131k:<\/p>\n<p class=\"isSelectedEnd\"><strong>\u201cYolumuzu kim yapacak?\u201d de\u011fil, \u201cYolumuz ne zaman yap\u0131lacak?\u201d<\/strong><\/p>\n<h3>MUHTARIN \u00c7ABASI BO\u015eA G\u0130TMEMEL\u0130<\/h3>\n<p class=\"isSelectedEnd\">K\u00f6y muhtarl\u0131klar\u0131, vatanda\u015f ile devlet kurumlar\u0131 aras\u0131ndaki en \u00f6nemli yerel ileti\u015fim noktalar\u0131ndan biridir.<\/p>\n<p class=\"isSelectedEnd\">Bir muhtar y\u0131llard\u0131r ayn\u0131 sorunu kurumlara bildiriyor, vatanda\u015f\u0131n taleplerini iletiyor ve \u00e7\u00f6z\u00fcm bekliyorsa art\u0131k dosyan\u0131n yeniden raftan indirilmesi gerekiyor.<\/p>\n<p class=\"isSelectedEnd\">Karaca\u00f6ren Muhtarl\u0131\u011f\u0131&#8217;n\u0131n yapt\u0131\u011f\u0131 bildirimlerin dikkate al\u0131nmas\u0131 ve sahada gerekli incelemelerin ger\u00e7ekle\u015ftirilmesi, k\u00f6y halk\u0131n\u0131n en do\u011fal beklentisidir.<\/p>\n<h3>\u015e\u0130MD\u0130 H\u0130ZMET ZAMANI!<\/h3>\n<p class=\"isSelectedEnd\">\u00c7anakkale Ulus Haber olarak amac\u0131m\u0131z herhangi bir kurumu hedef g\u00f6stermek de\u011fil; <strong>vatanda\u015f\u0131n sorununu g\u00fcndeme ta\u015f\u0131yarak \u00e7\u00f6z\u00fcm \u00fcretilmesine katk\u0131 sa\u011flamak.<\/strong><\/p>\n<p class=\"isSelectedEnd\">Karaca\u00f6ren\u2019in yollar\u0131 yap\u0131l\u0131rsa kazanan yaln\u0131zca Karaca\u00f6ren olmayacakt\u0131r.<\/p>\n<p class=\"isSelectedEnd\"><strong>Kazanan \u00c7anakkale olacakt\u0131r.<\/strong><\/p>\n<p class=\"isSelectedEnd\">K\u00f6y halk\u0131 daha g\u00fcvenli ula\u015facak, \u00fcretici \u00fcr\u00fcn\u00fcn\u00fc daha rahat ta\u015f\u0131yacak, ara\u00e7lar\u0131n zarar g\u00f6rmesi azalacak ve k\u0131rsal ya\u015fam\u0131n s\u00fcrd\u00fcr\u00fclebilirli\u011fine katk\u0131 sa\u011flanacakt\u0131r.<\/p>\n<p class=\"isSelectedEnd\">Art\u0131k Karaca\u00f6ren i\u00e7in beklemek de\u011fil, <strong>hizmet \u00fcretmek zaman\u0131.<\/strong><\/p>\n<p class=\"isSelectedEnd\">\u00c7anakkale Ulus Haber olarak \u00e7a\u011fr\u0131m\u0131z nettir:<\/p>\n<h3><strong>BELED\u0130YE VE \u0130L \u00d6ZEL \u0130DARE, KARACA\u00d6REN \u0130\u00c7\u0130N H\u0130ZMETTE YARI\u015eSIN!<\/strong><\/h3>\n<p class=\"isSelectedEnd\">Hangi kurumun yetkisinde olursa olsun, vatanda\u015f\u0131n ma\u011fduriyetinin giderilmesi i\u00e7in gerekli \u00e7al\u0131\u015fma yap\u0131ls\u0131n.<\/p>\n<p class=\"isSelectedEnd\"><strong>Karaca\u00f6ren\u2019in sesi duyulsun, yollar\u0131 yap\u0131ls\u0131n.<\/strong><\/p>\n<p>\u00c7\u00fcnk\u00fc k\u0131rsal\u0131n yolu yap\u0131lmadan, \u00c7anakkale\u2019nin gelece\u011fine giden yol tamamlanm\u0131\u015f say\u0131lmaz.<\/p>\n","protected":false},"excerpt":{"rendered":"<p>KARACA\u00d6REN\u2019\u0130N YOLLARI NE ZAMAN YAPILACAK? Y\u0131llard\u0131r bildiriliyor, yollar h\u00e2l\u00e2 bozuk! \u00c7anakkale\u2019nin \u00f6nemli k\u00f6ylerinden Karaca\u00f6ren hizmet bekliyor \u00c7ANAKKALE&#8230;<\/p>\n","protected":false},"author":1,"featured_media":931,"comment_status":"open","ping_status":"open","sticky":false,"template":"","format":"standard","meta":{"_monsterinsights_skip_tracking":false,"footnotes":""},"categories":[239,2,3,4,6,8,9,10,11,15],"tags":[],"class_list":["post-930","post","type-post","status-publish","format-standard","has-post-thumbnail","hentry","category-canakkale","category-dunya","category-egitim","category-ekonomi","category-gundem","category-kultur","category-magazin","category-politika","category-saglik","category-yasam"],"_links":{"self":[{"href":"https:\/\/canakkaleulushaber.com\/index.php\/wp-json\/wp\/v2\/posts\/930","targetHints":{"allow":["GET"]}}],"collection":[{"href":"https:\/\/canakkaleulushaber.com\/index.php\/wp-json\/wp\/v2\/posts"}],"about":[{"href":"https:\/\/canakkaleulushaber.com\/index.php\/wp-json\/wp\/v2\/types\/post"}],"author":[{"embeddable":true,"href":"https:\/\/canakkaleulushaber.com\/index.php\/wp-json\/wp\/v2\/users\/1"}],"replies":[{"embeddable":true,"href":"https:\/\/canakkaleulushaber.com\/index.php\/wp-json\/wp\/v2\/comments?post=930"}],"version-history":[{"count":1,"href":"https:\/\/canakkaleulushaber.com\/index.php\/wp-json\/wp\/v2\/posts\/930\/revisions"}],"predecessor-version":[{"id":932,"href":"https:\/\/canakkaleulushaber.com\/index.php\/wp-json\/wp\/v2\/posts\/930\/revisions\/932"}],"wp:featuredmedia":[{"embeddable":true,"href":"https:\/\/canakkaleulushaber.com\/index.php\/wp-json\/wp\/v2\/media\/931"}],"wp:attachment":[{"href":"https:\/\/canakkaleulushaber.com\/index.php\/wp-json\/wp\/v2\/media?parent=930"}],"wp:term":[{"taxonomy":"category","embeddable":true,"href":"https:\/\/canakkaleulushaber.com\/index.php\/wp-json\/wp\/v2\/categories?post=930"},{"taxonomy":"post_tag","embeddable":true,"href":"https:\/\/canakkaleulushaber.com\/index.php\/wp-json\/wp\/v2\/tags?post=930"}],"curies":[{"name":"wp","href":"https:\/\/api.w.org\/{rel}","templated":true}]}}