{"id":927,"date":"2026-09-05T15:57:31","date_gmt":"2026-09-05T15:57:31","guid":{"rendered":"https:\/\/canakkaleulushaber.com\/?p=927"},"modified":"2026-09-05T15:57:31","modified_gmt":"2026-09-05T15:57:31","slug":"ari-yoksa-hayatin-devami-da-yok","status":"publish","type":"post","link":"https:\/\/canakkaleulushaber.com\/index.php\/2026\/09\/05\/ari-yoksa-hayatin-devami-da-yok\/","title":{"rendered":"ARI YOKSA HAYATIN DEVAMI DA YOK!"},"content":{"rendered":"<h1>ARI YOKSA HAYAT YOK!<\/h1>\n<h3>Bal\u0131n \u00f6tesinde bir mesele: Ar\u0131lar ya\u015farsa tar\u0131m ya\u015far, tar\u0131m ya\u015farsa insanl\u0131k ya\u015far!<\/h3>\n<p class=\"isSelectedEnd\">Bug\u00fcn sofram\u0131za gelen meyveden sebzeye, tarladaki \u00fcr\u00fcnden do\u011fadaki bitki \u00e7e\u015fitlili\u011fine kadar say\u0131s\u0131z ya\u015fam zincirinin g\u00f6r\u00fcnmeyen kahraman\u0131 <strong>ar\u0131lar<\/strong>d\u0131r.<\/p>\n<p class=\"isSelectedEnd\">\u00c7o\u011fu insan ar\u0131y\u0131 yaln\u0131zca bal \u00fcreten bir canl\u0131 olarak g\u00f6r\u00fcyor. Oysa ger\u00e7ek \u00e7ok daha b\u00fcy\u00fck:<\/p>\n<p class=\"isSelectedEnd\"><strong>Ar\u0131 varsa \u00e7i\u00e7ek var.<br \/>\nAr\u0131 varsa meyve var.<br \/>\nAr\u0131 varsa sebze var.<br \/>\nAr\u0131 varsa tar\u0131m var.<br \/>\nAr\u0131 varsa do\u011fa var.<br \/>\nVe ar\u0131 varsa hayat var!<\/strong><\/p>\n<p class=\"isSelectedEnd\">Bu nedenle ar\u0131c\u0131l\u0131k art\u0131k sadece ar\u0131c\u0131n\u0131n meselesi olmaktan \u00e7\u0131kar\u0131lmal\u0131, <strong>\u00fclkenin gelece\u011fini ilgilendiren stratejik bir konu<\/strong> olarak ele al\u0131nmal\u0131d\u0131r.<\/p>\n<h2>HERKES B\u0130R KOVANLA BA\u015eLAYAB\u0130L\u0130R<\/h2>\n<p class=\"isSelectedEnd\">Ar\u0131c\u0131l\u0131\u011f\u0131n yayg\u0131nla\u015ft\u0131r\u0131lmas\u0131 yaln\u0131zca bal \u00fcretimini art\u0131rmak anlam\u0131na gelmez.<\/p>\n<p class=\"isSelectedEnd\">Bah\u00e7esinde, uygun ko\u015fullarda birka\u00e7 kovan bulunduran vatanda\u015f bile do\u011fan\u0131n tozla\u015fma zincirine katk\u0131 sa\u011flayabilir. K\u00f6ylerde, tar\u0131m alanlar\u0131n\u0131n bulundu\u011fu b\u00f6lgelerde ve uygun k\u0131rsal alanlarda bilin\u00e7li ar\u0131c\u0131l\u0131\u011f\u0131n geli\u015ftirilmesi, hem \u00fcreticiye hem de ekosisteme katk\u0131 sa\u011flayabilir.<\/p>\n<p class=\"isSelectedEnd\">Ancak burada \u00f6nemli olan <strong>ar\u0131 yeti\u015ftirmenin bilin\u00e7li ve kurallara uygun yap\u0131lmas\u0131d\u0131r.<\/strong> Ar\u0131 kolonilerinin sa\u011fl\u0131\u011f\u0131, insan g\u00fcvenli\u011fi ve \u00e7evrenin korunmas\u0131 mutlaka g\u00f6zetilmelidir.<\/p>\n<h2>ARICI, DO\u011eANIN SESS\u0130Z ASKER\u0130D\u0130R<\/h2>\n<p class=\"isSelectedEnd\">Bir ar\u0131c\u0131 yaln\u0131zca kovan\u0131n\u0131n ba\u015f\u0131nda bal bekleyen insan de\u011fildir.<\/p>\n<p class=\"isSelectedEnd\">O, ar\u0131n\u0131n sa\u011fl\u0131\u011f\u0131n\u0131 korur.<\/p>\n<p class=\"isSelectedEnd\">Kolonisini hastal\u0131klardan korumaya \u00e7al\u0131\u015f\u0131r.<\/p>\n<p class=\"isSelectedEnd\">\u00c7i\u00e7ek a\u00e7an alanlar\u0131 takip eder.<\/p>\n<p class=\"isSelectedEnd\">Ar\u0131n\u0131n ya\u015fam\u0131n\u0131 s\u00fcrd\u00fcrebilmesi i\u00e7in do\u011fayla birlikte hareket eder.<\/p>\n<p class=\"isSelectedEnd\">K\u0131sacas\u0131 ar\u0131c\u0131, fark\u0131nda olarak veya olmayarak <strong>ekosistemin korunmas\u0131na hizmet eden bir \u00fcreticidir.<\/strong><\/p>\n<p class=\"isSelectedEnd\">Bu nedenle ar\u0131c\u0131ya verilen destek yaln\u0131zca bir sekt\u00f6r deste\u011fi olarak g\u00f6r\u00fclmemelidir.<\/p>\n<p class=\"isSelectedEnd\"><strong>Ar\u0131c\u0131ya yap\u0131lan yat\u0131r\u0131m, do\u011faya yap\u0131lan yat\u0131r\u0131md\u0131r.<br \/>\nAr\u0131ya yap\u0131lan yat\u0131r\u0131m, tar\u0131ma yap\u0131lan yat\u0131r\u0131md\u0131r.<br \/>\nTar\u0131ma yap\u0131lan yat\u0131r\u0131m ise \u00fclkenin gelece\u011fine yap\u0131lan yat\u0131r\u0131md\u0131r.<\/strong><\/p>\n<h1>DEVLET\u0130N DESTE\u011e\u0130 ARTIK DAHA KAPSAMLI OLMALI<\/h1>\n<p class=\"isSelectedEnd\">T\u00fcrkiye&#8217;nin d\u00f6rt bir yan\u0131nda ar\u0131c\u0131l\u0131k yapan \u00fcreticiler, artan maliyetler, ar\u0131 hastal\u0131klar\u0131, iklim de\u011fi\u015fikli\u011fi, kurakl\u0131k, yang\u0131nlar ve do\u011fal alanlar\u0131n azalmas\u0131 gibi \u00e7ok say\u0131da sorunla m\u00fccadele ediyor.<\/p>\n<p class=\"isSelectedEnd\">Bu nedenle ar\u0131c\u0131l\u0131k politikas\u0131 yaln\u0131zca d\u00f6nemsel desteklerden ibaret kalmamal\u0131d\u0131r.<\/p>\n<p class=\"isSelectedEnd\">Ar\u0131c\u0131lara;<\/p>\n<ul data-spread=\"false\">\n<li>Kovan ve ar\u0131c\u0131l\u0131k ekipman\u0131 deste\u011fi,<\/li>\n<li>Ar\u0131 hastal\u0131klar\u0131yla m\u00fccadele deste\u011fi,<\/li>\n<li>Ar\u0131 yem ve besleme maliyetlerine y\u00f6nelik destek,<\/li>\n<li>Gezginci ar\u0131c\u0131lara ula\u015f\u0131m ve konaklama kolayl\u0131klar\u0131,<\/li>\n<li>Yang\u0131n b\u00f6lgelerinde ar\u0131c\u0131lar\u0131n korunmas\u0131na y\u00f6nelik \u00f6zel tedbirler,<\/li>\n<li>Ar\u0131 meralar\u0131n\u0131n ve \u00e7i\u00e7ekli alanlar\u0131n art\u0131r\u0131lmas\u0131,<\/li>\n<li>Tar\u0131m ila\u00e7lar\u0131n\u0131n ar\u0131lara zarar vermesini \u00f6nleyecek daha s\u0131k\u0131 uygulamalar,<\/li>\n<li>Gen\u00e7lerin ve yeni ba\u015flayacak \u00fcreticilerin ar\u0131c\u0131l\u0131\u011fa kazand\u0131r\u0131lmas\u0131,<\/li>\n<li>E\u011fitim ve teknik dan\u0131\u015fmanl\u0131k,<\/li>\n<\/ul>\n<p class=\"isSelectedEnd\">gibi kapsaml\u0131 politikalar uygulanmal\u0131d\u0131r.<\/p>\n<h2>\u00c7\u00dcNK\u00dc BU SADECE BAL MESELES\u0130 DE\u011e\u0130L!<\/h2>\n<p class=\"isSelectedEnd\">Bir \u00fclkede ar\u0131lar\u0131n azalmas\u0131 yaln\u0131zca bal \u00fcretiminin d\u00fc\u015fmesi anlam\u0131na gelmez.<\/p>\n<p class=\"isSelectedEnd\">Tozla\u015fman\u0131n azalmas\u0131 tar\u0131msal \u00fcretimi de etkileyebilir. Bitki \u00e7e\u015fitlili\u011fi zarar g\u00f6rebilir. Do\u011fal ya\u015fam\u0131n dengesi bozulabilir.<\/p>\n<p class=\"isSelectedEnd\">Bu nedenle ar\u0131c\u0131l\u0131k <strong>tar\u0131m politikas\u0131n\u0131n kenar\u0131nda duran k\u00fc\u00e7\u00fck bir ba\u015fl\u0131k de\u011fil, tar\u0131m\u0131n merkezinde de\u011ferlendirilmesi gereken stratejik alanlardan biri<\/strong> olmal\u0131d\u0131r.<\/p>\n<h2>\u00c7OCUKLARA ARIYI \u00d6\u011eRETEL\u0130M<\/h2>\n<p class=\"isSelectedEnd\">Belki de en \u00f6nemli ad\u0131m e\u011fitimden ge\u00e7iyor.<\/p>\n<p class=\"isSelectedEnd\">\u00c7ocuklar\u0131m\u0131z ar\u0131n\u0131n yaln\u0131zca bal yapan bir canl\u0131 olmad\u0131\u011f\u0131n\u0131 \u00f6\u011frenmeli.<\/p>\n<p class=\"isSelectedEnd\">Okullarda ar\u0131lar\u0131n do\u011fadaki rol\u00fc anlat\u0131lmal\u0131. Uygun b\u00f6lgelerde e\u011fitim ama\u00e7l\u0131 ar\u0131c\u0131l\u0131k alanlar\u0131 olu\u015fturulmal\u0131.<\/p>\n<p class=\"isSelectedEnd\">\u00c7\u00fcnk\u00fc bug\u00fcn ar\u0131y\u0131 tan\u0131yan \u00e7ocuk, yar\u0131n\u0131n do\u011fas\u0131n\u0131 koruyan yeti\u015fkini olacakt\u0131r.<\/p>\n<h1>B\u0130R KOVAN, B\u0130R GELECEK<\/h1>\n<p class=\"isSelectedEnd\">Art\u0131k ar\u0131c\u0131l\u0131\u011fa bak\u0131\u015f\u0131m\u0131z\u0131 de\u011fi\u015ftirmeliyiz.<\/p>\n<p class=\"isSelectedEnd\">Ar\u0131c\u0131y\u0131 yaln\u0131z b\u0131rakmamal\u0131y\u0131z.<\/p>\n<p class=\"isSelectedEnd\">Ar\u0131n\u0131n ya\u015fam alanlar\u0131n\u0131 korumal\u0131y\u0131z.<\/p>\n<p class=\"isSelectedEnd\">Tar\u0131m ila\u00e7lar\u0131n\u0131n kullan\u0131m\u0131nda ar\u0131lar\u0131 koruyacak tedbirleri g\u00fc\u00e7lendirmeliyiz.<\/p>\n<p class=\"isSelectedEnd\">Yang\u0131nlarla m\u00fccadelede ar\u0131c\u0131lar\u0131n ve kovanlar\u0131n\u0131n korunmas\u0131n\u0131 da planlamal\u0131y\u0131z.<\/p>\n<p class=\"isSelectedEnd\">Ve devlet, ar\u0131c\u0131l\u0131k sekt\u00f6r\u00fcn\u00fc <strong>\u00e7ok daha g\u00fc\u00e7l\u00fc, s\u00fcrekli ve kapsaml\u0131 bir destek program\u0131yla<\/strong> aya\u011fa kald\u0131rmal\u0131d\u0131r.<\/p>\n<p class=\"isSelectedEnd\">\u00c7\u00fcnk\u00fc mesele bir kavanoz baldan \u00e7ok daha b\u00fcy\u00fck.<\/p>\n<p class=\"isSelectedEnd\"><strong>Mesele sofram\u0131zdaki yiyecek.<br \/>\nMesele tarlam\u0131zdaki \u00fcr\u00fcn.<br \/>\nMesele do\u011fan\u0131n dengesi.<br \/>\nMesele gelecek nesiller.<\/strong><\/p>\n<h3>ARIYI KORUMAK, HAYATI KORUMAKTIR.<\/h3>\n<p class=\"isSelectedEnd\">Bug\u00fcn bir ar\u0131n\u0131n de\u011ferini k\u00fc\u00e7\u00fcmseyenler, yar\u0131n ar\u0131n\u0131n yoklu\u011funun de\u011ferini \u00e7ok a\u011f\u0131r \u00f6deyebilir.<\/p>\n<p class=\"isSelectedEnd\"><strong>Devlet, \u00fcretici ve vatanda\u015f el ele vermeli; ar\u0131c\u0131l\u0131k T\u00fcrkiye&#8217;nin gelece\u011fi i\u00e7in stratejik bir alan olarak g\u00f6r\u00fclmelidir.<\/strong><\/p>\n<p class=\"isSelectedEnd\">\u00c7\u00fcnk\u00fc unutmayal\u0131m:<\/p>\n<h1><strong>ARI YOKSA HAYATIN DEVAMI DA YOK!<\/strong><\/h1>\n","protected":false},"excerpt":{"rendered":"<p>ARI YOKSA HAYAT YOK! Bal\u0131n \u00f6tesinde bir mesele: Ar\u0131lar ya\u015farsa tar\u0131m ya\u015far, tar\u0131m ya\u015farsa insanl\u0131k ya\u015far! Bug\u00fcn&#8230;<\/p>\n","protected":false},"author":1,"featured_media":928,"comment_status":"open","ping_status":"open","sticky":false,"template":"","format":"standard","meta":{"_monsterinsights_skip_tracking":false,"footnotes":""},"categories":[239,2,3,4,6,8,9,11,15],"tags":[],"class_list":["post-927","post","type-post","status-publish","format-standard","has-post-thumbnail","hentry","category-canakkale","category-dunya","category-egitim","category-ekonomi","category-gundem","category-kultur","category-magazin","category-saglik","category-yasam"],"_links":{"self":[{"href":"https:\/\/canakkaleulushaber.com\/index.php\/wp-json\/wp\/v2\/posts\/927","targetHints":{"allow":["GET"]}}],"collection":[{"href":"https:\/\/canakkaleulushaber.com\/index.php\/wp-json\/wp\/v2\/posts"}],"about":[{"href":"https:\/\/canakkaleulushaber.com\/index.php\/wp-json\/wp\/v2\/types\/post"}],"author":[{"embeddable":true,"href":"https:\/\/canakkaleulushaber.com\/index.php\/wp-json\/wp\/v2\/users\/1"}],"replies":[{"embeddable":true,"href":"https:\/\/canakkaleulushaber.com\/index.php\/wp-json\/wp\/v2\/comments?post=927"}],"version-history":[{"count":1,"href":"https:\/\/canakkaleulushaber.com\/index.php\/wp-json\/wp\/v2\/posts\/927\/revisions"}],"predecessor-version":[{"id":929,"href":"https:\/\/canakkaleulushaber.com\/index.php\/wp-json\/wp\/v2\/posts\/927\/revisions\/929"}],"wp:featuredmedia":[{"embeddable":true,"href":"https:\/\/canakkaleulushaber.com\/index.php\/wp-json\/wp\/v2\/media\/928"}],"wp:attachment":[{"href":"https:\/\/canakkaleulushaber.com\/index.php\/wp-json\/wp\/v2\/media?parent=927"}],"wp:term":[{"taxonomy":"category","embeddable":true,"href":"https:\/\/canakkaleulushaber.com\/index.php\/wp-json\/wp\/v2\/categories?post=927"},{"taxonomy":"post_tag","embeddable":true,"href":"https:\/\/canakkaleulushaber.com\/index.php\/wp-json\/wp\/v2\/tags?post=927"}],"curies":[{"name":"wp","href":"https:\/\/api.w.org\/{rel}","templated":true}]}}