{"id":775,"date":"2023-03-26T15:00:33","date_gmt":"2023-03-26T15:00:33","guid":{"rendered":"https:\/\/canakkaleulushaber.com\/?p=775"},"modified":"2023-03-26T15:00:33","modified_gmt":"2023-03-26T15:00:33","slug":"ozaydin-aday-adayi-oldu","status":"publish","type":"post","link":"https:\/\/canakkaleulushaber.com\/index.php\/2023\/03\/26\/ozaydin-aday-adayi-oldu\/","title":{"rendered":"\u00d6ZAYDIN ADAY ADAYI OLDU&#8230;!"},"content":{"rendered":"<p>\u00d6zayd\u0131n ba\u015fvurusu ile ilgili yapt\u0131\u011f\u0131 a\u00e7\u0131klamada \u201c28. D\u00f6nem milletvekilli\u011fi Aday adayl\u0131\u011f\u0131 ba\u015fvurumu yapt\u0131ktan sonra, her daim yan\u0131m\u0131zda olan, G\u0130K \u00dcyesi Genel Ba\u015fkan Yard\u0131mc\u0131s\u0131 R\u0131dvan Uz Ba\u015fkan\u0131m\u0131 makam\u0131nda, \u00c7anakkale \u0130Y\u0130 Parti \u0130l Te\u015fkilat\u0131m\u0131z ile ziyaret ettik. R\u0131dvan Abime zerafeti ve i\u00e7tenli\u011fi i\u00e7in \u00e7ok te\u015fekk\u00fcr ederim. Her \u015fey i\u00e7in sa\u011folun Ba\u015fkan\u0131m.\u201d \u0130fadelerine yer verdi.<\/p>\n<p>&nbsp;<\/p>\n<p><em><strong>\u00c7ANAKKALE ULUS HABER<\/strong><\/em><\/p>\n","protected":false},"excerpt":{"rendered":"<p>\u00d6zayd\u0131n ba\u015fvurusu ile ilgili yapt\u0131\u011f\u0131 a\u00e7\u0131klamada \u201c28. D\u00f6nem milletvekilli\u011fi Aday adayl\u0131\u011f\u0131 ba\u015fvurumu yapt\u0131ktan sonra, her daim yan\u0131m\u0131zda&#8230;<\/p>\n","protected":false},"author":1,"featured_media":776,"comment_status":"open","ping_status":"open","sticky":false,"template":"","format":"standard","meta":{"_monsterinsights_skip_tracking":false,"_monsterinsights_sitenote_active":false,"_monsterinsights_sitenote_note":"","_monsterinsights_sitenote_category":0,"footnotes":""},"categories":[239,6,8,10,15],"tags":[],"class_list":["post-775","post","type-post","status-publish","format-standard","has-post-thumbnail","hentry","category-canakkale","category-gundem","category-kultur","category-politika","category-yasam"],"_links":{"self":[{"href":"https:\/\/canakkaleulushaber.com\/index.php\/wp-json\/wp\/v2\/posts\/775","targetHints":{"allow":["GET"]}}],"collection":[{"href":"https:\/\/canakkaleulushaber.com\/index.php\/wp-json\/wp\/v2\/posts"}],"about":[{"href":"https:\/\/canakkaleulushaber.com\/index.php\/wp-json\/wp\/v2\/types\/post"}],"author":[{"embeddable":true,"href":"https:\/\/canakkaleulushaber.com\/index.php\/wp-json\/wp\/v2\/users\/1"}],"replies":[{"embeddable":true,"href":"https:\/\/canakkaleulushaber.com\/index.php\/wp-json\/wp\/v2\/comments?post=775"}],"version-history":[{"count":1,"href":"https:\/\/canakkaleulushaber.com\/index.php\/wp-json\/wp\/v2\/posts\/775\/revisions"}],"predecessor-version":[{"id":777,"href":"https:\/\/canakkaleulushaber.com\/index.php\/wp-json\/wp\/v2\/posts\/775\/revisions\/777"}],"wp:featuredmedia":[{"embeddable":true,"href":"https:\/\/canakkaleulushaber.com\/index.php\/wp-json\/wp\/v2\/media\/776"}],"wp:attachment":[{"href":"https:\/\/canakkaleulushaber.com\/index.php\/wp-json\/wp\/v2\/media?parent=775"}],"wp:term":[{"taxonomy":"category","embeddable":true,"href":"https:\/\/canakkaleulushaber.com\/index.php\/wp-json\/wp\/v2\/categories?post=775"},{"taxonomy":"post_tag","embeddable":true,"href":"https:\/\/canakkaleulushaber.com\/index.php\/wp-json\/wp\/v2\/tags?post=775"}],"curies":[{"name":"wp","href":"https:\/\/api.w.org\/{rel}","templated":true}]}}