{"id":764,"date":"2022-11-16T22:33:19","date_gmt":"2022-11-16T22:33:19","guid":{"rendered":"https:\/\/canakkaleulushaber.com\/?p=764"},"modified":"2022-11-16T22:33:19","modified_gmt":"2022-11-16T22:33:19","slug":"bu-halk-sizi-sandikta-gomer","status":"publish","type":"post","link":"https:\/\/canakkaleulushaber.com\/index.php\/2022\/11\/16\/bu-halk-sizi-sandikta-gomer\/","title":{"rendered":"BU HALK S\u0130Z\u0130 SANDIKTA G\u00d6MER&#8230;!"},"content":{"rendered":"<p style=\"text-align: justify; text-indent: 35.4pt; background: white; margin: 7.5pt 0cm 8.25pt 0cm;\"><span style=\"color: black;\">\u00c7anakkale Belediyesinin mezar fiyatlar\u0131nda ki art\u0131\u015f\u0131 ile ilgili a\u00e7\u0131klama yapan CHP\u2019nin \u00c7anakkale Merkez \u0130l\u00e7e Belediye Ba\u015fkan\u0131 \u00dclg\u00fcr G\u00f6khan \u2018\u2018 Dinimizde yeri olsa yakaca\u011f\u0131z.. \u00d6lmeyin Karde\u015fim..\u2019\u2019 \u015feklinde ki a\u00e7\u0131klamalar\u0131n\u0131 yine hayret ve ibret ile izledik.<\/span><\/p>\n<p style=\"text-align: justify; text-indent: 35.4pt; background: white; box-sizing: border-box; font-variant-ligatures: normal; font-variant-caps: normal; orphans: 2; widows: 2; -webkit-text-stroke-width: 0px; text-decoration-thickness: initial; text-decoration-style: initial; text-decoration-color: initial; word-spacing: 0px; margin: 7.5pt 0cm 8.25pt 0cm;\"><span style=\"box-sizing: border-box; white-space: pre-wrap;\"><span style=\"box-sizing: border-box;\"><span style=\"color: black;\">Say\u0131n Ba\u015fkan \u00c7anakkale\u2019de ki t\u00fcm sorunlar\u0131 \u00e7\u00f6zm\u00fc\u015f de \u015fimdi de insanlar\u0131n inanc\u0131 ile alay eder \u015fekilde ahirete de, maneviyata da el atm\u0131\u015f.<\/span><\/span><\/span><\/p>\n<p style=\"text-align: justify; text-indent: 35.4pt; background: white; box-sizing: border-box; font-variant-ligatures: normal; font-variant-caps: normal; orphans: 2; widows: 2; -webkit-text-stroke-width: 0px; text-decoration-thickness: initial; text-decoration-style: initial; text-decoration-color: initial; word-spacing: 0px; margin: 7.5pt 0cm 8.25pt 0cm;\"><span style=\"box-sizing: border-box; white-space: pre-wrap;\"><span style=\"box-sizing: border-box;\"><span style=\"color: black;\">\u2018\u2019YAKALIM YA DA.. \u00d6LMEY\u0130N KARDE\u015e\u0130M\u2019\u2019<\/span><\/span><\/span><\/p>\n<p style=\"text-align: justify; text-indent: 35.4pt; background: white; box-sizing: border-box; font-variant-ligatures: normal; font-variant-caps: normal; orphans: 2; widows: 2; -webkit-text-stroke-width: 0px; text-decoration-thickness: initial; text-decoration-style: initial; text-decoration-color: initial; word-spacing: 0px; margin: 7.5pt 0cm 8.25pt 0cm;\"><span style=\"box-sizing: border-box; white-space: pre-wrap;\"><span style=\"box-sizing: border-box;\"><span style=\"color: black;\">Sizin Belediye Hizmet binas\u0131n\u0131n temelini att\u0131\u011f\u0131n\u0131z tarihte yeni do\u011fan \u00e7ocuklar bug\u00fcn ortaokula, Cennet Otopark\u2019\u0131n temelini att\u0131\u011f\u0131n\u0131z tarihte do\u011fanlar ise ilkokula ba\u015flad\u0131lar, hala laf \u00fcretiyor s\u0131k\u0131lmadan insanlar\u0131n \u00f6l\u00fcm\u00fc ile alay ediyorsunuz.<\/span><\/span><\/span><\/p>\n<p style=\"text-align: justify; text-indent: 35.4pt; background: white; box-sizing: border-box; font-variant-ligatures: normal; font-variant-caps: normal; orphans: 2; widows: 2; -webkit-text-stroke-width: 0px; text-decoration-thickness: initial; text-decoration-style: initial; text-decoration-color: initial; word-spacing: 0px; margin: 7.5pt 0cm 8.25pt 0cm;\"><span style=\"box-sizing: border-box; white-space: pre-wrap;\"><span style=\"box-sizing: border-box;\"><span style=\"color: black;\">Ge\u00e7ti\u011fimiz g\u00fcnlerde hain PKK\/PYD Ter\u00f6r \u00f6rg\u00fct\u00fcn\u00fcn hain sald\u0131r\u0131s\u0131 ile ilgili \u00e7\u0131k\u0131p ter\u00f6r \u00f6rg\u00fct\u00fcn\u00fcn ismini a\u011fz\u0131n\u0131za alarak \u2018\u2019PKK ter\u00f6r \u00f6rg\u00fct\u00fcn\u00fc lanetliyoruz, k\u0131n\u0131yoruz ..\u2019\u2019 bile demekten aciz, 250 bin vatan evlad\u0131n\u0131n yatt\u0131\u011f\u0131 \u015fehitler diyar\u0131n\u0131n ruhundan ise uzaks\u0131n\u0131z.<\/span><\/span><\/span><\/p>\n<p style=\"text-align: justify; text-indent: 35.4pt; background: white; box-sizing: border-box; font-variant-ligatures: normal; font-variant-caps: normal; orphans: 2; widows: 2; -webkit-text-stroke-width: 0px; text-decoration-thickness: initial; text-decoration-style: initial; text-decoration-color: initial; word-spacing: 0px; margin: 7.5pt 0cm 8.25pt 0cm;\"><span style=\"box-sizing: border-box; white-space: pre-wrap;\"><span style=\"box-sizing: border-box;\"><span style=\"color: black;\">Bunun \u00f6rneklerini defalarca g\u00f6rd\u00fck. S\u00f6ze gelince BARI\u015eIN Kenti \u00c7anakkale; ama bu Bar\u0131\u015f s\u00f6ylemi HDP ve PKK\u2019n\u0131n s\u00f6zde BARI\u015eI; sizin anlay\u0131\u015f\u0131n\u0131zda tam bu do\u011frultuda..<\/span><\/span><\/span><\/p>\n<p style=\"text-align: justify; text-indent: 35.4pt; background: white; box-sizing: border-box; font-variant-ligatures: normal; font-variant-caps: normal; orphans: 2; widows: 2; -webkit-text-stroke-width: 0px; text-decoration-thickness: initial; text-decoration-style: initial; text-decoration-color: initial; word-spacing: 0px; margin: 7.5pt 0cm 8.25pt 0cm;\"><span style=\"box-sizing: border-box; white-space: pre-wrap;\"><span style=\"box-sizing: border-box;\"><span style=\"color: black;\">Hat\u0131rlanaca\u011f\u0131 \u00fczere \u201dS\u0131n\u0131rlar\u0131m\u0131zda ter\u00f6r \u00f6rg\u00fct\u00fc PYD olsun, bizce bir sak\u0131ncas\u0131 yok\u201d\u00a0 \u201dPYD\/YPG Ter\u00f6r \u00d6rg\u00fct\u00fc de\u011fildir diyen, Genel Ba\u015fkan Yard\u0131mc\u0131lar\u0131n\u0131n PKK\/DHKP-C Ter\u00f6rist Cenazelerine i\u015ftirak ederek ve bunlar ile iltisakl\u0131 olarak;\u00a0 HDP Baraj\u0131 ge\u00e7ti\u011fi i\u00e7in \u00c7anakkale\u2019de Pilav da\u011f\u0131tan ve ayn\u0131 zamanda 2015 nevruzunda APO ve PKK Bayraklar\u0131 alt\u0131nda nevruz ate\u015fi yak\u0131p, PKK dan tutuklu\u00a0SUR BELED\u0130YES\u0130 ile Karde\u015f kent Protokol\u00fcn\u00fc\u00a0\u00c7anakkale Halk\u0131ndan\u00a0gelen tepkilere ra\u011fmen s\u00fcrd\u00fcren\u00a0Merkez \u0130l\u00e7e Belediye Ba\u015fkan\u0131 \u00dclg\u00fcr G\u00d6KHAN\u2019\u0131n\u00a0PKK\/APO ve \u0130lk Ter\u00f6rist \u015fehit\u00a0olarak nitelendirilen Vatan haini Mazlum Do\u011fan\u2019\u0131n\u00a0bayrak ve resimlerinin bulundu\u011fu\u00a0alandaki\u00a0video ve g\u00f6r\u00fcnt\u00fclerini ve o alanlarda defalarca yakt\u0131\u011f\u0131 ATE\u015e\u0130 ibretle izlemi\u015ftik.<\/span><\/span><\/span><\/p>\n<p style=\"text-align: justify; text-indent: 35.4pt; background: white; box-sizing: border-box; font-variant-ligatures: normal; font-variant-caps: normal; orphans: 2; widows: 2; -webkit-text-stroke-width: 0px; text-decoration-thickness: initial; text-decoration-style: initial; text-decoration-color: initial; word-spacing: 0px; margin: 7.5pt 0cm 8.25pt 0cm;\"><span style=\"box-sizing: border-box; white-space: pre-wrap;\"><span style=\"box-sizing: border-box;\"><span style=\"color: black;\">\u00c7anakkale halk\u0131 ve bu vatan evlatlar\u0131 sizin YAKALIM s\u00f6zlerinizin ne anlama geldi\u011fini biliyor ve anl\u0131yor. Bunu ge\u00e7ti\u011fimiz g\u00fcnlerde bir kez daha g\u00f6rm\u00fc\u015f olduk. Bug\u00fcn Gazi Mustafa Kemal ATAT\u00dcRK\u2019\u00fcn kurdu\u011fu parti ile alakas\u0131 kalmayan Halk\u00e7\u0131l\u0131k ve Milliyet\u00e7ilikten uzak olan CHP\u2019de; HDP ve PKK sevicili\u011finizi ne yaz\u0131k ki \u00e7\u0131plak g\u00f6zle g\u00f6r\u00fcyoruz.<\/span><\/span><\/span><\/p>\n<p style=\"text-align: justify; text-indent: 35.4pt; background: white; box-sizing: border-box; font-variant-ligatures: normal; font-variant-caps: normal; orphans: 2; widows: 2; -webkit-text-stroke-width: 0px; text-decoration-thickness: initial; text-decoration-style: initial; text-decoration-color: initial; word-spacing: 0px; margin: 7.5pt 0cm 8.25pt 0cm;\"><span style=\"box-sizing: border-box; white-space: pre-wrap;\"><span style=\"box-sizing: border-box;\"><span style=\"color: black;\">Manevi ve Milli de\u011ferleri dile getirirken bile samimiyetsizli\u011finizi, alayvari ve vurdumduymaz tavr\u0131n\u0131z\u0131 \u00fcz\u00fclerek izliyoruz. Ger\u00e7ek Milliyet\u00e7i, vatansever CHP\u2019li karde\u015flerimiz de art\u0131k bunlar\u0131 g\u00f6r\u00fcyor. \u00c7anakkale sizin \u00e7iftli\u011finiz, vatanda\u015f ise alay edece\u011finiz oyunca\u011f\u0131n\u0131z de\u011fil. Cumhuriyetin \u00f6ns\u00f6z\u00fcn\u00fcn yaz\u0131ld\u0131\u011f\u0131 bu aziz topraklarda, hizmet anlay\u0131\u015f\u0131ndan uzak, sorunlara kar\u015f\u0131 keyfekeder yakla\u015f\u0131m\u0131yla hareket eden y\u00f6netiminize bu halk ilk se\u00e7imlerde dur diyecektir.<\/span><\/span><\/span><\/p>\n<p>&nbsp;<\/p>\n<p>\u00c7ANAKKALE ULUS HABER<\/p>\n","protected":false},"excerpt":{"rendered":"<p>\u00c7anakkale Belediyesinin mezar fiyatlar\u0131nda ki art\u0131\u015f\u0131 ile ilgili a\u00e7\u0131klama yapan CHP\u2019nin \u00c7anakkale Merkez \u0130l\u00e7e Belediye Ba\u015fkan\u0131 \u00dclg\u00fcr&#8230;<\/p>\n","protected":false},"author":1,"featured_media":765,"comment_status":"open","ping_status":"open","sticky":false,"template":"","format":"standard","meta":{"_monsterinsights_skip_tracking":false,"_monsterinsights_sitenote_active":false,"_monsterinsights_sitenote_note":"","_monsterinsights_sitenote_category":0,"footnotes":""},"categories":[239,3,4,6,8,10,15],"tags":[],"class_list":["post-764","post","type-post","status-publish","format-standard","has-post-thumbnail","hentry","category-canakkale","category-egitim","category-ekonomi","category-gundem","category-kultur","category-politika","category-yasam"],"_links":{"self":[{"href":"https:\/\/canakkaleulushaber.com\/index.php\/wp-json\/wp\/v2\/posts\/764","targetHints":{"allow":["GET"]}}],"collection":[{"href":"https:\/\/canakkaleulushaber.com\/index.php\/wp-json\/wp\/v2\/posts"}],"about":[{"href":"https:\/\/canakkaleulushaber.com\/index.php\/wp-json\/wp\/v2\/types\/post"}],"author":[{"embeddable":true,"href":"https:\/\/canakkaleulushaber.com\/index.php\/wp-json\/wp\/v2\/users\/1"}],"replies":[{"embeddable":true,"href":"https:\/\/canakkaleulushaber.com\/index.php\/wp-json\/wp\/v2\/comments?post=764"}],"version-history":[{"count":1,"href":"https:\/\/canakkaleulushaber.com\/index.php\/wp-json\/wp\/v2\/posts\/764\/revisions"}],"predecessor-version":[{"id":766,"href":"https:\/\/canakkaleulushaber.com\/index.php\/wp-json\/wp\/v2\/posts\/764\/revisions\/766"}],"wp:featuredmedia":[{"embeddable":true,"href":"https:\/\/canakkaleulushaber.com\/index.php\/wp-json\/wp\/v2\/media\/765"}],"wp:attachment":[{"href":"https:\/\/canakkaleulushaber.com\/index.php\/wp-json\/wp\/v2\/media?parent=764"}],"wp:term":[{"taxonomy":"category","embeddable":true,"href":"https:\/\/canakkaleulushaber.com\/index.php\/wp-json\/wp\/v2\/categories?post=764"},{"taxonomy":"post_tag","embeddable":true,"href":"https:\/\/canakkaleulushaber.com\/index.php\/wp-json\/wp\/v2\/tags?post=764"}],"curies":[{"name":"wp","href":"https:\/\/api.w.org\/{rel}","templated":true}]}}