{"id":723,"date":"2022-07-09T18:34:51","date_gmt":"2022-07-09T18:34:51","guid":{"rendered":"https:\/\/canakkaleulushaber.com\/?p=723"},"modified":"2022-07-09T18:34:51","modified_gmt":"2022-07-09T18:34:51","slug":"prof-dr-sedat-muratin-kurban-bayrami-mesaji","status":"publish","type":"post","link":"https:\/\/canakkaleulushaber.com\/index.php\/2022\/07\/09\/prof-dr-sedat-muratin-kurban-bayrami-mesaji\/","title":{"rendered":"Prof. Dr. Sedat Murat\u2019\u0131n Kurban Bayram\u0131 Mesaj\u0131&#8230;!"},"content":{"rendered":"<h1>\u00c7OM\u00dc Rekt\u00f6r\u00fc Prof. Dr. Sedat Murat<\/h1>\n<p style=\"font-weight: 400;\">&#8221;Kurban bayram\u0131; bar\u0131\u015f\u0131n, birli\u011fin, yoksula, kimsesize umut olman\u0131n bayram\u0131d\u0131r. Her t\u00fcrl\u00fc darg\u0131nl\u0131klar\u0131n ve k\u0131rg\u0131nl\u0131klar\u0131n unutuldu\u011fu, dostluk ve ho\u015fg\u00f6r\u00fc duygular\u0131n\u0131n g\u00fc\u00e7lendi\u011fi, sevin\u00e7 ve mutlulu\u011fun millet\u00e7e ya\u015fand\u0131\u011f\u0131 bu m\u00fcstesna g\u00fcnleri, e\u015f, dost ve akrabalar\u0131m\u0131z ile ya\u015famak, yard\u0131ma muhta\u00e7 ve yaln\u0131z ya\u015fayan vatanda\u015flar\u0131m\u0131z\u0131n yan\u0131nda olmak, inanc\u0131m\u0131z\u0131n ve k\u00fclt\u00fcr\u00fcm\u00fcz\u00fcn bir gere\u011fidir.<\/p>\n<p style=\"font-weight: 400;\">Millet\u00e7e birlik ve beraberli\u011fin, yard\u0131mla\u015fma ve dayan\u0131\u015fman\u0131n en g\u00fczel \u00f6rneklerinin verildi\u011fi bu bayram g\u00fcnlerinde; aziz \u015fehitlerimiz ve onlar\u0131n bizlere emaneti olan onurlu aile fertlerini ve yak\u0131nlar\u0131n\u0131 bir kez daha minnetle ve \u015f\u00fckranla hat\u0131rlamak, kahraman gazilerimizi ve ailelerini unutmamak, akrabal\u0131k, kom\u015fuluk ve dostluk ba\u011flar\u0131n\u0131 peki\u015ftirmek, aile b\u00fcy\u00fckleriyle ve t\u00fcm sevdiklerimizle kucakla\u015fmak bizleri daha da g\u00fc\u00e7l\u00fc k\u0131lacakt\u0131r.<\/p>\n<p style=\"font-weight: 400;\">Bu duygu ve d\u00fc\u015f\u00fcncelerle m\u00fcbarek Kurban Bayram\u0131m\u0131z\u0131n, \u00fclkemize, milletimize huzur getirmesini temenni ediyor, sevgi ve selamlar\u0131m\u0131 sunuyorum.&#8221;<\/p>\n<p>diye ifadede bulundular.<\/p>\n<p>&nbsp;<\/p>\n<p><strong><em>\u00c7ANAKKALE ULUS HABER<\/em><\/strong><\/p>\n<p>&nbsp;<\/p>\n<p>&nbsp;<\/p>\n","protected":false},"excerpt":{"rendered":"<p>\u00c7OM\u00dc Rekt\u00f6r\u00fc Prof. Dr. Sedat Murat &#8221;Kurban bayram\u0131; bar\u0131\u015f\u0131n, birli\u011fin, yoksula, kimsesize umut olman\u0131n bayram\u0131d\u0131r. Her t\u00fcrl\u00fc&#8230;<\/p>\n","protected":false},"author":1,"featured_media":724,"comment_status":"open","ping_status":"open","sticky":false,"template":"","format":"standard","meta":{"_monsterinsights_skip_tracking":false,"_monsterinsights_sitenote_active":false,"_monsterinsights_sitenote_note":"","_monsterinsights_sitenote_category":0,"footnotes":""},"categories":[239,3,6,8,11,15],"tags":[],"class_list":["post-723","post","type-post","status-publish","format-standard","has-post-thumbnail","hentry","category-canakkale","category-egitim","category-gundem","category-kultur","category-saglik","category-yasam"],"_links":{"self":[{"href":"https:\/\/canakkaleulushaber.com\/index.php\/wp-json\/wp\/v2\/posts\/723","targetHints":{"allow":["GET"]}}],"collection":[{"href":"https:\/\/canakkaleulushaber.com\/index.php\/wp-json\/wp\/v2\/posts"}],"about":[{"href":"https:\/\/canakkaleulushaber.com\/index.php\/wp-json\/wp\/v2\/types\/post"}],"author":[{"embeddable":true,"href":"https:\/\/canakkaleulushaber.com\/index.php\/wp-json\/wp\/v2\/users\/1"}],"replies":[{"embeddable":true,"href":"https:\/\/canakkaleulushaber.com\/index.php\/wp-json\/wp\/v2\/comments?post=723"}],"version-history":[{"count":1,"href":"https:\/\/canakkaleulushaber.com\/index.php\/wp-json\/wp\/v2\/posts\/723\/revisions"}],"predecessor-version":[{"id":725,"href":"https:\/\/canakkaleulushaber.com\/index.php\/wp-json\/wp\/v2\/posts\/723\/revisions\/725"}],"wp:featuredmedia":[{"embeddable":true,"href":"https:\/\/canakkaleulushaber.com\/index.php\/wp-json\/wp\/v2\/media\/724"}],"wp:attachment":[{"href":"https:\/\/canakkaleulushaber.com\/index.php\/wp-json\/wp\/v2\/media?parent=723"}],"wp:term":[{"taxonomy":"category","embeddable":true,"href":"https:\/\/canakkaleulushaber.com\/index.php\/wp-json\/wp\/v2\/categories?post=723"},{"taxonomy":"post_tag","embeddable":true,"href":"https:\/\/canakkaleulushaber.com\/index.php\/wp-json\/wp\/v2\/tags?post=723"}],"curies":[{"name":"wp","href":"https:\/\/api.w.org\/{rel}","templated":true}]}}