{"id":719,"date":"2022-07-09T18:18:55","date_gmt":"2022-07-09T18:18:55","guid":{"rendered":"https:\/\/canakkaleulushaber.com\/?p=719"},"modified":"2022-07-09T18:18:55","modified_gmt":"2022-07-09T18:18:55","slug":"kurban-bayramimiz-mubarek-olsun","status":"publish","type":"post","link":"https:\/\/canakkaleulushaber.com\/index.php\/2022\/07\/09\/kurban-bayramimiz-mubarek-olsun\/","title":{"rendered":"KURBAN BAYRAMIMIZ M\u00dcBAREK OLSUN&#8230;!"},"content":{"rendered":"<p>Ak Parti Grup Ba\u015fkan Vekili \u00c7anakkale Millet Vekili <strong>B\u00fclent TURAN , <\/strong>Ak Parti \u00c7anakkale Millet Vekili<strong> J\u00fclide \u0130SKENDERO\u011eLU,\u00a0<\/strong>Ak Parti \u00c7anakkale \u0130l Ba\u015fkan\u0131 <strong>Naim MAKAS;<\/strong><\/p>\n<p>\u201cM\u00fcbarek Kurban Bayram\u0131na kavu\u015fman\u0131n haz ve mutlulu\u011fu i\u00e7erisindeyiz. Millet olarak, bizleri birbirine daha \u00e7ok kenetleyen bayram g\u00fcnlerimizle, ailelerimiz ve sevdiklerimizle bir araya gelerek kucakla\u015f\u0131r, yoksul ve ya\u015fl\u0131lar\u0131m\u0131z\u0131 ziyaret edip, maddi ve manevi yard\u0131mlarda bulunarak, herkese elimizi uzat\u0131r\u0131z.<\/p>\n<p>Birlik ve karde\u015flik duygular\u0131m\u0131z\u0131 g\u00fc\u00e7lendirdi\u011fimiz, manevi ba\u011flarla millet\u00e7e birbirimize daha s\u0131k\u0131 ba\u011fland\u0131\u011f\u0131m\u0131z bayramlar\u0131m\u0131z\u0131, b\u00fcy\u00fck i\u00e7tenlikle kar\u015f\u0131lar\u0131z.<\/p>\n<p>Y\u00fcce Rabbime bizleri bir bayrama daha kavu\u015fturdu\u011fu i\u00e7in hamd olsun.<\/p>\n<p>T\u00fcm \u0130slam aleminin Kurban Bayram\u0131n\u0131 en i\u00e7ten dileklerimle tebrik ediyor, d\u00fcnyada huzur, bar\u0131\u015f ve sa\u011fl\u0131\u011fa vesile olmas\u0131n\u0131 temenni ediyorum.\u201d<\/p>\n<p>diye halk\u0131m\u0131za seslendiler.<\/p>\n<p>&nbsp;<\/p>\n<p><em>\u00c7ANAKKALE ULUS HABER<\/em><\/p>\n","protected":false},"excerpt":{"rendered":"<p>Ak Parti Grup Ba\u015fkan Vekili \u00c7anakkale Millet Vekili B\u00fclent TURAN , Ak Parti \u00c7anakkale Millet Vekili J\u00fclide&#8230;<\/p>\n","protected":false},"author":1,"featured_media":720,"comment_status":"open","ping_status":"open","sticky":false,"template":"","format":"standard","meta":{"_monsterinsights_skip_tracking":false,"_monsterinsights_sitenote_active":false,"_monsterinsights_sitenote_note":"","_monsterinsights_sitenote_category":0,"footnotes":""},"categories":[239,3,6,8,10,11,15],"tags":[],"class_list":["post-719","post","type-post","status-publish","format-standard","has-post-thumbnail","hentry","category-canakkale","category-egitim","category-gundem","category-kultur","category-politika","category-saglik","category-yasam"],"_links":{"self":[{"href":"https:\/\/canakkaleulushaber.com\/index.php\/wp-json\/wp\/v2\/posts\/719","targetHints":{"allow":["GET"]}}],"collection":[{"href":"https:\/\/canakkaleulushaber.com\/index.php\/wp-json\/wp\/v2\/posts"}],"about":[{"href":"https:\/\/canakkaleulushaber.com\/index.php\/wp-json\/wp\/v2\/types\/post"}],"author":[{"embeddable":true,"href":"https:\/\/canakkaleulushaber.com\/index.php\/wp-json\/wp\/v2\/users\/1"}],"replies":[{"embeddable":true,"href":"https:\/\/canakkaleulushaber.com\/index.php\/wp-json\/wp\/v2\/comments?post=719"}],"version-history":[{"count":1,"href":"https:\/\/canakkaleulushaber.com\/index.php\/wp-json\/wp\/v2\/posts\/719\/revisions"}],"predecessor-version":[{"id":721,"href":"https:\/\/canakkaleulushaber.com\/index.php\/wp-json\/wp\/v2\/posts\/719\/revisions\/721"}],"wp:featuredmedia":[{"embeddable":true,"href":"https:\/\/canakkaleulushaber.com\/index.php\/wp-json\/wp\/v2\/media\/720"}],"wp:attachment":[{"href":"https:\/\/canakkaleulushaber.com\/index.php\/wp-json\/wp\/v2\/media?parent=719"}],"wp:term":[{"taxonomy":"category","embeddable":true,"href":"https:\/\/canakkaleulushaber.com\/index.php\/wp-json\/wp\/v2\/categories?post=719"},{"taxonomy":"post_tag","embeddable":true,"href":"https:\/\/canakkaleulushaber.com\/index.php\/wp-json\/wp\/v2\/tags?post=719"}],"curies":[{"name":"wp","href":"https:\/\/api.w.org\/{rel}","templated":true}]}}