{"id":676,"date":"2022-02-23T16:18:44","date_gmt":"2022-02-23T16:18:44","guid":{"rendered":"https:\/\/canakkaleulushaber.com\/?p=676"},"modified":"2022-02-23T16:18:44","modified_gmt":"2022-02-23T16:18:44","slug":"yabancilara-yerlesim-kaydi-kapatiliyor","status":"publish","type":"post","link":"https:\/\/canakkaleulushaber.com\/index.php\/2022\/02\/23\/yabancilara-yerlesim-kaydi-kapatiliyor\/","title":{"rendered":"YABANCILARA YERLE\u015e\u0130M KAYDI KAPATILIYOR&#8230;!"},"content":{"rendered":"<p>\u0130\u00e7i\u015fleri Bakan\u0131 S\u00fcleyman Soylu, medyan\u0131n Ankara temsilcileri ile bulu\u015fmas\u0131nda, Suriyelilerin T\u00fcrkiye\u2019de n\u00fcfusun demografik yap\u0131s\u0131n\u0131 bozmamas\u0131 i\u00e7in \u201cseyreltme\u201d uyguland\u0131\u011f\u0131n\u0131 a\u00e7\u0131klam\u0131\u015ft\u0131. Bakanl\u0131\u011f\u0131n a\u00e7\u0131klad\u0131\u011f\u0131 planla ilgili ayr\u0131nt\u0131lar\u0131 payla\u015fan H\u00fcrriyet yazar\u0131 Hande F\u0131rat, &#8220;Suriyelilerin bir mahallede, il\u00e7ede adeta gettola\u015fmalar\u0131na m\u00fcsaade edilmiyor. Yabanc\u0131 n\u00fcfusunun mahalle n\u00fcfusunun y\u00fczde 25\u2019ini a\u015fmas\u0131na izin verilmiyor&#8221; diyerek s\u00f6z konusu yerlerde hayata ge\u00e7irilen uygulamay\u0131 \u00f6zetledi.<\/p>\n<p>Projenin Ankara Alt\u0131nda\u011f\u2019da a\u011fustos ay\u0131nda \u00e7\u0131kan olaylar ve iki Suriyeli taraf\u0131ndan Emirhan Yal\u00e7\u0131n\u2019\u0131n \u00f6ld\u00fcr\u00fclmesinin ard\u0131ndan g\u00fcndeme geldi\u011fini belirten F\u0131rat, y\u00fczde 25\u2019i a\u015fan yerlerde iki ad\u0131m at\u0131ld\u0131\u011f\u0131n\u0131 belirterek \u015funlar\u0131 aktard\u0131:<\/p>\n<p>&#8220;1- \u00d6ncelikle bu yerle\u015fim yerleri yabanc\u0131lar i\u00e7in kayda kapat\u0131l\u0131yor. Yine Suriyeli n\u00fcfusun yo\u011fun oldu\u011fu 16 il (Ankara, Antalya, Ayd\u0131n, Bursa, \u00c7anakkale, D\u00fczce, Edirne, Hatay, \u0130stanbul, \u0130zmir, K\u0131rklareli, Kocaeli, Mu\u011fla, Sakarya, Tekirda\u011f ve Yalova), 52 ilde toplam 800 mahalle, \u0130stanbul\u2019da Fatih ve Esenyurt il\u00e7eleri her t\u00fcrl\u00fc stat\u00fcden t\u00fcm yabanc\u0131lar\u0131n ba\u015fvurular\u0131na kapat\u0131ld\u0131.<\/p>\n<p>2- Kay\u0131t kapama d\u0131\u015f\u0131nda at\u0131lan ikinci ad\u0131mda ise yo\u011funlu\u011fun bulundu\u011fu yerle\u015fim yerlerindeki Suriyeliler g\u00f6n\u00fcll\u00fcl\u00fck esas\u0131yla farkl\u0131 il\u00e7e ve illere yerle\u015ftiriliyor.&#8221;<\/p>\n<p>F\u0131rat, konuya ili\u015fkin de\u011ferlendirmesinde ise, &#8220;Suriyelilerin geri d\u00f6n\u00fc\u015f\u00fc i\u00e7in \u00f6ncelikle o topraklara yeniden istikrar\u0131n gelmesi gerekti\u011fine \u015f\u00fcphe yok. Sadece istikrar da de\u011fil, kimi geri d\u00f6n\u00fc\u015flerde karar\u0131 olu\u015facak h\u00fck\u00fcmet de belirleyecek. Ger\u00e7ek\u00e7i olursak yak\u0131n gelecekte Suriyelilerin \u00fclkesine d\u00f6nmelerini beklemek do\u011fru olmayacakt\u0131r. Ancak T\u00fcrkiye\u2019nin Suriye topraklar\u0131nda istikrar\u0131 \u00f6nceledi\u011fini de unutmamak gerekiyor&#8221; ifadelerini kulland\u0131.<\/p>\n<p>&nbsp;<\/p>\n<p>&nbsp;<\/p>\n<p><strong><em><u>\u00c7anakkale Ulus Haber<\/u><\/em><\/strong><\/p>\n","protected":false},"excerpt":{"rendered":"<p>\u0130\u00e7i\u015fleri Bakan\u0131 S\u00fcleyman Soylu, medyan\u0131n Ankara temsilcileri ile bulu\u015fmas\u0131nda, Suriyelilerin T\u00fcrkiye\u2019de n\u00fcfusun demografik yap\u0131s\u0131n\u0131 bozmamas\u0131 i\u00e7in \u201cseyreltme\u201d&#8230;<\/p>\n","protected":false},"author":1,"featured_media":677,"comment_status":"open","ping_status":"open","sticky":false,"template":"","format":"standard","meta":{"_monsterinsights_skip_tracking":false,"_monsterinsights_sitenote_active":false,"_monsterinsights_sitenote_note":"","_monsterinsights_sitenote_category":0,"footnotes":""},"categories":[239,2,3,4,6,8,10,15],"tags":[],"class_list":["post-676","post","type-post","status-publish","format-standard","has-post-thumbnail","hentry","category-canakkale","category-dunya","category-egitim","category-ekonomi","category-gundem","category-kultur","category-politika","category-yasam"],"_links":{"self":[{"href":"https:\/\/canakkaleulushaber.com\/index.php\/wp-json\/wp\/v2\/posts\/676","targetHints":{"allow":["GET"]}}],"collection":[{"href":"https:\/\/canakkaleulushaber.com\/index.php\/wp-json\/wp\/v2\/posts"}],"about":[{"href":"https:\/\/canakkaleulushaber.com\/index.php\/wp-json\/wp\/v2\/types\/post"}],"author":[{"embeddable":true,"href":"https:\/\/canakkaleulushaber.com\/index.php\/wp-json\/wp\/v2\/users\/1"}],"replies":[{"embeddable":true,"href":"https:\/\/canakkaleulushaber.com\/index.php\/wp-json\/wp\/v2\/comments?post=676"}],"version-history":[{"count":1,"href":"https:\/\/canakkaleulushaber.com\/index.php\/wp-json\/wp\/v2\/posts\/676\/revisions"}],"predecessor-version":[{"id":678,"href":"https:\/\/canakkaleulushaber.com\/index.php\/wp-json\/wp\/v2\/posts\/676\/revisions\/678"}],"wp:featuredmedia":[{"embeddable":true,"href":"https:\/\/canakkaleulushaber.com\/index.php\/wp-json\/wp\/v2\/media\/677"}],"wp:attachment":[{"href":"https:\/\/canakkaleulushaber.com\/index.php\/wp-json\/wp\/v2\/media?parent=676"}],"wp:term":[{"taxonomy":"category","embeddable":true,"href":"https:\/\/canakkaleulushaber.com\/index.php\/wp-json\/wp\/v2\/categories?post=676"},{"taxonomy":"post_tag","embeddable":true,"href":"https:\/\/canakkaleulushaber.com\/index.php\/wp-json\/wp\/v2\/tags?post=676"}],"curies":[{"name":"wp","href":"https:\/\/api.w.org\/{rel}","templated":true}]}}