{"id":664,"date":"2022-01-22T14:41:18","date_gmt":"2022-01-22T14:41:18","guid":{"rendered":"https:\/\/canakkaleulushaber.com\/?p=664"},"modified":"2022-01-22T14:41:18","modified_gmt":"2022-01-22T14:41:18","slug":"arilar-soguktan-korkmaz","status":"publish","type":"post","link":"https:\/\/canakkaleulushaber.com\/index.php\/2022\/01\/22\/arilar-soguktan-korkmaz\/","title":{"rendered":"ARILAR SO\u011eUKTAN KORKMAZ&#8230;!"},"content":{"rendered":"<p><strong>Ar\u0131lar So\u011fuktan nas\u0131l etkilenir sorusunu; <\/strong><strong>\u0130limiz de ar\u0131c\u0131l\u0131k faaliyeti g\u00f6steren \u2018\u2019KALEL\u0130M DO\u011eAL BAL\u2019\u2019\u0130\u015fletmesi sahibi Fatih ATALAY cevaplad\u0131.<\/strong><\/p>\n<p>Ar\u0131larda k\u0131\u015f \u00f6l\u00fc bir mevsimdir. Bu nedenle ar\u0131lar ya k\u0131\u015flaklarda ya da gerekli tedbirler al\u0131nd\u0131ktan sonra d\u0131\u015far\u0131da k\u0131\u015flat\u0131lmal\u0131d\u0131r<strong>.\u00a0<\/strong>Ar\u0131lar k\u0131\u015f uykusuna yatmazlar, petekler \u00fczerine k\u00fcmelenerek k\u0131\u015f\u0131 ge\u00e7irirler. Ortam \u0131s\u0131s\u0131 ar\u0131n\u0131n biyolojik faaliyetleri i\u00e7in 33-36 derece, u\u00e7abilmesi i\u00e7in asgari 7-8 derece ve besin toplayabilmesi i\u00e7in en az 10-14 derece olmas\u0131 gerekir.<\/p>\n<p><strong>K\u0131\u015f \u0130\u00e7in Gerekli Yiyece\u011fin B\u0131rak\u0131lmas\u0131<\/strong><\/p>\n<p>Kolonilere k\u0131\u015f yiyece\u011fi olarak bal ve polen depolanm\u0131\u015f petekler b\u0131rak\u0131l\u0131r. Ancak petekler tamamen balla dolu olmay\u0131p alt yar\u0131lar\u0131ndaki g\u00f6zler bo\u015f olmal\u0131d\u0131r. \u00c7\u00fcnk\u00fc k\u0131\u015f\u0131n ar\u0131lar bal dolu g\u00f6zler \u00fczerinde de\u011fil, peteklerin balla dolu k\u0131sm\u0131n\u0131n hemen alt\u0131ndaki bo\u015f g\u00f6zler \u00fczerinde salk\u0131m kurarlar.<\/p>\n<p>\u00d6zellikle ilkbaharda taze polen gelmeye ba\u015flay\u0131ncaya kadar ki d\u00f6nemde ar\u0131lar\u0131n yavru yeti\u015ftirmeyi, ba\u015flat\u0131p s\u00fcrd\u00fcrebilmeleri i\u00e7in b\u0131rak\u0131lan ball\u0131 peteklerin 3-4 tanesinde ayn\u0131 zamanda yeterince polen de olmal\u0131d\u0131r. Genel kural olarak kulu\u00e7kal\u0131ktaki bal hasat edilmeyip ar\u0131ya b\u0131rak\u0131lmal\u0131d\u0131r.<\/p>\n<p>K\u0131sacas\u0131 ar\u0131lar so\u011fuktan de\u011fil nem den dolay\u0131 \u00f6l\u00fcrler.<\/p>\n<p>&nbsp;<\/p>\n<p><strong><em><u>\u00c7anakkale Ulus Haber<\/u><\/em><\/strong><\/p>\n","protected":false},"excerpt":{"rendered":"<p>Ar\u0131lar So\u011fuktan nas\u0131l etkilenir sorusunu; \u0130limiz de ar\u0131c\u0131l\u0131k faaliyeti g\u00f6steren \u2018\u2019KALEL\u0130M DO\u011eAL BAL\u2019\u2019\u0130\u015fletmesi sahibi Fatih ATALAY cevaplad\u0131&#8230;.<\/p>\n","protected":false},"author":1,"featured_media":665,"comment_status":"open","ping_status":"open","sticky":false,"template":"","format":"standard","meta":{"_monsterinsights_skip_tracking":false,"_monsterinsights_sitenote_active":false,"_monsterinsights_sitenote_note":"","_monsterinsights_sitenote_category":0,"footnotes":""},"categories":[239,2,3,4,6,11,15],"tags":[],"class_list":["post-664","post","type-post","status-publish","format-standard","has-post-thumbnail","hentry","category-canakkale","category-dunya","category-egitim","category-ekonomi","category-gundem","category-saglik","category-yasam"],"_links":{"self":[{"href":"https:\/\/canakkaleulushaber.com\/index.php\/wp-json\/wp\/v2\/posts\/664","targetHints":{"allow":["GET"]}}],"collection":[{"href":"https:\/\/canakkaleulushaber.com\/index.php\/wp-json\/wp\/v2\/posts"}],"about":[{"href":"https:\/\/canakkaleulushaber.com\/index.php\/wp-json\/wp\/v2\/types\/post"}],"author":[{"embeddable":true,"href":"https:\/\/canakkaleulushaber.com\/index.php\/wp-json\/wp\/v2\/users\/1"}],"replies":[{"embeddable":true,"href":"https:\/\/canakkaleulushaber.com\/index.php\/wp-json\/wp\/v2\/comments?post=664"}],"version-history":[{"count":1,"href":"https:\/\/canakkaleulushaber.com\/index.php\/wp-json\/wp\/v2\/posts\/664\/revisions"}],"predecessor-version":[{"id":666,"href":"https:\/\/canakkaleulushaber.com\/index.php\/wp-json\/wp\/v2\/posts\/664\/revisions\/666"}],"wp:featuredmedia":[{"embeddable":true,"href":"https:\/\/canakkaleulushaber.com\/index.php\/wp-json\/wp\/v2\/media\/665"}],"wp:attachment":[{"href":"https:\/\/canakkaleulushaber.com\/index.php\/wp-json\/wp\/v2\/media?parent=664"}],"wp:term":[{"taxonomy":"category","embeddable":true,"href":"https:\/\/canakkaleulushaber.com\/index.php\/wp-json\/wp\/v2\/categories?post=664"},{"taxonomy":"post_tag","embeddable":true,"href":"https:\/\/canakkaleulushaber.com\/index.php\/wp-json\/wp\/v2\/tags?post=664"}],"curies":[{"name":"wp","href":"https:\/\/api.w.org\/{rel}","templated":true}]}}