{"id":650,"date":"2022-01-15T19:15:23","date_gmt":"2022-01-15T19:15:23","guid":{"rendered":"https:\/\/canakkaleulushaber.com\/?p=650"},"modified":"2022-01-15T19:15:23","modified_gmt":"2022-01-15T19:15:23","slug":"il-saglik-mudurunden-asi-cagrisi","status":"publish","type":"post","link":"https:\/\/canakkaleulushaber.com\/index.php\/2022\/01\/15\/il-saglik-mudurunden-asi-cagrisi\/","title":{"rendered":"\u0130L SA\u011eLIK M\u00dcD\u00dcR\u00dcNDEN A\u015eI \u00c7A\u011eRISI&#8230;!"},"content":{"rendered":"<p>\u00c7anakkale \u0130l Sa\u011fl\u0131k M\u00fcd\u00fcr\u00fc G\u00f6khan BA\u015eT\u00dcRK d\u00fcn sosyal medya hesab\u0131ndan halk\u0131m\u0131za seslenerek ;<\/p>\n<p>&nbsp;<\/p>\n<p>\u2018\u2019Covid &#8211; 19 A\u015f\u0131 takviminize uyun.<\/p>\n<p>A\u015f\u0131n\u0131z\u0131 geciktirmeyin.<\/p>\n<p>A\u015f\u0131 ve Tedbirlerle Covid-19\u2019u a\u015faca\u011f\u0131z.<\/p>\n<p>Sizleri bekliyoruz. \u2018\u2019dedi.<\/p>\n<p>&nbsp;<\/p>\n<p>Sa\u011fl\u0131k m\u00fcd\u00fcr\u00fcm\u00fcz G\u00f6khan BA\u015eT\u00dcRK\u2019e buradan bu g\u00fczel \u00e7al\u0131\u015fmalar\u0131ndan \u00f6t\u00fcr\u00fc te\u015fekk\u00fcr ederiz.<\/p>\n<p>&nbsp;<\/p>\n<p><strong><em><u>\u00a0<\/u><\/em><\/strong><\/p>\n<p><strong><em><u>\u00c7anakkale Ulus Haber<\/u><\/em><\/strong><\/p>\n<p>&nbsp;<\/p>\n","protected":false},"excerpt":{"rendered":"<p>\u00c7anakkale \u0130l Sa\u011fl\u0131k M\u00fcd\u00fcr\u00fc G\u00f6khan BA\u015eT\u00dcRK d\u00fcn sosyal medya hesab\u0131ndan halk\u0131m\u0131za seslenerek ; &nbsp; \u2018\u2019Covid &#8211; 19&#8230;<\/p>\n","protected":false},"author":1,"featured_media":651,"comment_status":"open","ping_status":"open","sticky":false,"template":"","format":"standard","meta":{"_monsterinsights_skip_tracking":false,"_monsterinsights_sitenote_active":false,"_monsterinsights_sitenote_note":"","_monsterinsights_sitenote_category":0,"footnotes":""},"categories":[239,2,3,6,8,11,15],"tags":[],"class_list":["post-650","post","type-post","status-publish","format-standard","has-post-thumbnail","hentry","category-canakkale","category-dunya","category-egitim","category-gundem","category-kultur","category-saglik","category-yasam"],"_links":{"self":[{"href":"https:\/\/canakkaleulushaber.com\/index.php\/wp-json\/wp\/v2\/posts\/650","targetHints":{"allow":["GET"]}}],"collection":[{"href":"https:\/\/canakkaleulushaber.com\/index.php\/wp-json\/wp\/v2\/posts"}],"about":[{"href":"https:\/\/canakkaleulushaber.com\/index.php\/wp-json\/wp\/v2\/types\/post"}],"author":[{"embeddable":true,"href":"https:\/\/canakkaleulushaber.com\/index.php\/wp-json\/wp\/v2\/users\/1"}],"replies":[{"embeddable":true,"href":"https:\/\/canakkaleulushaber.com\/index.php\/wp-json\/wp\/v2\/comments?post=650"}],"version-history":[{"count":1,"href":"https:\/\/canakkaleulushaber.com\/index.php\/wp-json\/wp\/v2\/posts\/650\/revisions"}],"predecessor-version":[{"id":652,"href":"https:\/\/canakkaleulushaber.com\/index.php\/wp-json\/wp\/v2\/posts\/650\/revisions\/652"}],"wp:featuredmedia":[{"embeddable":true,"href":"https:\/\/canakkaleulushaber.com\/index.php\/wp-json\/wp\/v2\/media\/651"}],"wp:attachment":[{"href":"https:\/\/canakkaleulushaber.com\/index.php\/wp-json\/wp\/v2\/media?parent=650"}],"wp:term":[{"taxonomy":"category","embeddable":true,"href":"https:\/\/canakkaleulushaber.com\/index.php\/wp-json\/wp\/v2\/categories?post=650"},{"taxonomy":"post_tag","embeddable":true,"href":"https:\/\/canakkaleulushaber.com\/index.php\/wp-json\/wp\/v2\/tags?post=650"}],"curies":[{"name":"wp","href":"https:\/\/api.w.org\/{rel}","templated":true}]}}