{"id":498,"date":"2021-06-19T12:21:12","date_gmt":"2021-06-19T12:21:12","guid":{"rendered":"https:\/\/canakkaleulushaber.com\/?p=498"},"modified":"2021-06-19T12:30:10","modified_gmt":"2021-06-19T12:30:10","slug":"istanbulda-korkutan-deprem","status":"publish","type":"post","link":"https:\/\/canakkaleulushaber.com\/index.php\/2021\/06\/19\/istanbulda-korkutan-deprem\/","title":{"rendered":"\u0130STANBULDA KORKUTAN DEPREM&#8230;!"},"content":{"rendered":"<h2 id=\"haberSpot\">Son dakika haberine g\u00f6re \u0130stanbul&#8217;da korkutan bir deprem meydana geldi. AFAD&#8217;dan yap\u0131lan a\u00e7\u0131klamada \u015fiddeti 3.9 olan depremin \u0130stanbul Kartal&#8217;da meydana geldi\u011fi belirtildi. Hen\u00fcz can ve mal kayb\u0131na dair bir a\u00e7\u0131klama yap\u0131lmad\u0131. Deprem \u00e7evredeki illerden de hissedildi.<\/h2>\n<p>&nbsp;<\/p>\n","protected":false},"excerpt":{"rendered":"<p>Son dakika haberine g\u00f6re \u0130stanbul&#8217;da korkutan bir deprem meydana geldi. AFAD&#8217;dan yap\u0131lan a\u00e7\u0131klamada \u015fiddeti 3.9 olan depremin&#8230;<\/p>\n","protected":false},"author":1,"featured_media":500,"comment_status":"open","ping_status":"open","sticky":false,"template":"","format":"standard","meta":{"_monsterinsights_skip_tracking":false,"_monsterinsights_sitenote_active":false,"_monsterinsights_sitenote_note":"","_monsterinsights_sitenote_category":0,"footnotes":""},"categories":[239,6,11,1,15],"tags":[],"class_list":["post-498","post","type-post","status-publish","format-standard","has-post-thumbnail","hentry","category-canakkale","category-gundem","category-saglik","category-uncategorized","category-yasam"],"_links":{"self":[{"href":"https:\/\/canakkaleulushaber.com\/index.php\/wp-json\/wp\/v2\/posts\/498","targetHints":{"allow":["GET"]}}],"collection":[{"href":"https:\/\/canakkaleulushaber.com\/index.php\/wp-json\/wp\/v2\/posts"}],"about":[{"href":"https:\/\/canakkaleulushaber.com\/index.php\/wp-json\/wp\/v2\/types\/post"}],"author":[{"embeddable":true,"href":"https:\/\/canakkaleulushaber.com\/index.php\/wp-json\/wp\/v2\/users\/1"}],"replies":[{"embeddable":true,"href":"https:\/\/canakkaleulushaber.com\/index.php\/wp-json\/wp\/v2\/comments?post=498"}],"version-history":[{"count":1,"href":"https:\/\/canakkaleulushaber.com\/index.php\/wp-json\/wp\/v2\/posts\/498\/revisions"}],"predecessor-version":[{"id":499,"href":"https:\/\/canakkaleulushaber.com\/index.php\/wp-json\/wp\/v2\/posts\/498\/revisions\/499"}],"wp:featuredmedia":[{"embeddable":true,"href":"https:\/\/canakkaleulushaber.com\/index.php\/wp-json\/wp\/v2\/media\/500"}],"wp:attachment":[{"href":"https:\/\/canakkaleulushaber.com\/index.php\/wp-json\/wp\/v2\/media?parent=498"}],"wp:term":[{"taxonomy":"category","embeddable":true,"href":"https:\/\/canakkaleulushaber.com\/index.php\/wp-json\/wp\/v2\/categories?post=498"},{"taxonomy":"post_tag","embeddable":true,"href":"https:\/\/canakkaleulushaber.com\/index.php\/wp-json\/wp\/v2\/tags?post=498"}],"curies":[{"name":"wp","href":"https:\/\/api.w.org\/{rel}","templated":true}]}}