{"id":488,"date":"2021-06-17T01:21:59","date_gmt":"2021-06-17T01:21:59","guid":{"rendered":"https:\/\/canakkaleulushaber.com\/?p=488"},"modified":"2021-06-17T01:21:59","modified_gmt":"2021-06-17T01:21:59","slug":"orman-genel-mudurlugu-ogm-2-bin-83-isci-alimi-yapacak","status":"publish","type":"post","link":"https:\/\/canakkaleulushaber.com\/index.php\/2021\/06\/17\/orman-genel-mudurlugu-ogm-2-bin-83-isci-alimi-yapacak\/","title":{"rendered":"ORMAN GENEL M\u00dcD\u00dcRL\u00dc\u011e\u00dc (OGM) 2 B\u0130N 83 \u0130\u015e\u00c7\u0130 ALIMI YAPACAK&#8230;!"},"content":{"rendered":"<p><strong>Orman Genel M\u00fcd\u00fcrl\u00fc\u011f\u00fc<\/strong>\u00a0(<strong>OGM<\/strong>) 2 bin 83 i\u015f\u00e7i al\u0131m\u0131 yapacak.<\/p>\n<p><strong>14 Haziran 2021 ile 18 Haziran 2021<\/strong>\u00a0tarihleri aras\u0131nda \u0130\u015eKUR \u00fczerinden ger\u00e7ekle\u015fecek. \u0130\u015eKUR a\u00e7\u0131k i\u015f ilanlar\u0131nda adaylarda aranacak genel ve \u00f6zel \u015fartlar ile di\u011fer bilgiler belirtilecek.<\/p>\n<p>S\u00f6zl\u00fc ve uygulamal\u0131 s\u0131nava, i\u015f ilan\u0131nda belirtilecek kadro say\u0131s\u0131n\u0131n 4 kat\u0131 kadar aday \u00e7a\u011fr\u0131lacak.\u00a0<strong>Adaylar noter huzurunda \u00e7ekilecek kura sonucuna g\u00f6re belirlenecek.<\/strong><\/p>\n<p><strong>BA\u015eVURU \u015eARTLARI<\/strong><\/p>\n<p>Orman Genel M\u00fcd\u00fcrl\u00fc\u011f\u00fc&#8217;n\u00fcn yay\u0131nlad\u0131\u011f\u0131 ilanda yer alan ba\u015fvuru \u015fartlar\u0131 \u015fu \u015fekilde:<\/p>\n<p class=\"_113018\"><strong>1.<\/strong>\u00a0 T\u00fcrk vatanda\u015f\u0131 olmak,<\/p>\n<p><strong>2.<\/strong>\u00a018 ya\u015f\u0131n\u0131 tamamlam\u0131\u015f olmak,<\/p>\n<p><strong>3.\u00a0<\/strong>Ba\u015fvuru yapacak adaylar\u0131n, Affa u\u011fram\u0131\u015f olsa bile Devletin g\u00fcvenli\u011fine kar\u015f\u0131 su\u00e7lar, anayasal d\u00fczene ve bu d\u00fczenin i\u015fleyi\u015fine kar\u015f\u0131 su\u00e7lar, mill\u00ee savunmaya kar\u015f\u0131 su\u00e7lar, Devlet s\u0131rlar\u0131na kar\u015f\u0131 su\u00e7lar ve casusluk, zimmet, irtik\u00e2p, r\u00fc\u015fvet, h\u0131rs\u0131zl\u0131k, doland\u0131r\u0131c\u0131l\u0131k, sahtecilik, g\u00fcveni k\u00f6t\u00fcye kullanma, hileli iflas, ihaleye fesat kar\u0131\u015ft\u0131rma, edimin ifas\u0131na fesat kar\u0131\u015ft\u0131rma, su\u00e7tan kaynaklanan malvarl\u0131\u011f\u0131 de\u011ferlerini aklama veya ka\u00e7ak\u00e7\u0131l\u0131k su\u00e7lar\u0131ndan mahk\u00fbm olmamak,<\/p>\n<p><strong>4.<\/strong>\u00a0Kamusal haklar\u0131 kullanmaktan yoksun b\u0131rak\u0131lmam\u0131\u015f olmak,<\/p>\n<p><strong>5.<\/strong>\u00a0Askerlik ile ili\u015fi\u011fi olmamak (yapm\u0131\u015f olmak, tecilli veya muaf olmak),<\/p>\n<p><strong>6.<\/strong>\u00a0Adaylar\u0131n, ba\u015fvurunun son g\u00fcn\u00fc itibar\u0131yla talep edilen \u00f6\u011frenim durumu ve \u00f6zel \u015fartlara haiz olmak,<\/p>\n<p><strong>7.<\/strong>\u00a0Herhangi bir sosyal g\u00fcvenlik kurumundan emeklilik, ya\u015fl\u0131l\u0131k veya malull\u00fck ayl\u0131\u011f\u0131 alm\u0131yor olmak,<\/p>\n<p><strong>8.<\/strong>\u00a0\u0130\u015eKUR A\u00e7\u0131k \u0130\u015f \u0130lan\u0131nda belirtilen yerle\u015fim biriminde\/birimlerinde ikamet ediyor olmak,<\/p>\n<p><strong>9.<\/strong>\u00a0Her aday, yaln\u0131zca bir meslek koluna ba\u015fvuru yapabilecektir,<\/p>\n<p><strong>10.<\/strong>\u00a0Kura \u00e7ekimi 29.06.2021-04.07.2021 tarihleri aras\u0131nda olacakt\u0131r. Kuran\u0131n net tarihi ilgili b\u00f6lge m\u00fcd\u00fcrl\u00fc\u011f\u00fcn\u00fcn internet sitesinde yay\u0131nlanacakt\u0131r. Orman B\u00f6lge m\u00fcd\u00fcrl\u00fcklerinin internet sitelerine\u00a0<a href=\"http:\/\/www.ogm.gov.tr\" target=\"_blank\" rel=\"nofollow noopener\">www.ogm.gov.tr<\/a>\u00a0den ula\u015fabilirsiniz.<\/p>\n<p><strong>11.<\/strong>\u00a0\u0130\u015fe al\u0131m s\u00fcreci, kura usul\u00fc sonras\u0131nda s\u00f6zl\u00fc ve uygulamal\u0131 s\u0131nav \u015feklinde uygulanacak. (\u0130lan\u0131n bulundu\u011fu \u0130\u015fyeri hangi Orman B\u00f6lge M\u00fcd\u00fcrl\u00fc\u011f\u00fcne ba\u011fl\u0131 ise s\u00f6zl\u00fc ve uygulamal\u0131 s\u0131nav o Orman B\u00f6lge M\u00fcd\u00fcrl\u00fc\u011f\u00fcnce yap\u0131lacak.)<\/p>\n<p><strong>12.<\/strong>\u00a0Adaylardan istenecek evraklar, evrak teslim tarihleri, s\u0131nav yeri, s\u0131nav tarihi ve \u0130\u015fe al\u0131m s\u00fcreci ile ilgili t\u00fcm bilgilendirmeler Orman B\u00f6lge M\u00fcd\u00fcrl\u00fckleri internet siteleri \u00fczerinden ilan edilecek.<\/p>\n<p><strong>13.<\/strong>\u00a0Talep \u015fartlar\u0131n\u0131 ta\u015f\u0131mad\u0131\u011f\u0131 sonradan anla\u015f\u0131lan adaylar\u0131n ba\u015fvurular\u0131 ilan, kura, s\u0131nav ve atama s\u00fcre\u00e7lerinin her a\u015famas\u0131nda idarece sonland\u0131r\u0131labilecektir.<\/p>\n","protected":false},"excerpt":{"rendered":"<p>Orman Genel M\u00fcd\u00fcrl\u00fc\u011f\u00fc\u00a0(OGM) 2 bin 83 i\u015f\u00e7i al\u0131m\u0131 yapacak. 14 Haziran 2021 ile 18 Haziran 2021\u00a0tarihleri aras\u0131nda&#8230;<\/p>\n","protected":false},"author":1,"featured_media":490,"comment_status":"open","ping_status":"open","sticky":false,"template":"","format":"standard","meta":{"_monsterinsights_skip_tracking":false,"_monsterinsights_sitenote_active":false,"_monsterinsights_sitenote_note":"","_monsterinsights_sitenote_category":0,"footnotes":""},"categories":[239,4,6,8,15],"tags":[],"class_list":["post-488","post","type-post","status-publish","format-standard","has-post-thumbnail","hentry","category-canakkale","category-ekonomi","category-gundem","category-kultur","category-yasam"],"_links":{"self":[{"href":"https:\/\/canakkaleulushaber.com\/index.php\/wp-json\/wp\/v2\/posts\/488","targetHints":{"allow":["GET"]}}],"collection":[{"href":"https:\/\/canakkaleulushaber.com\/index.php\/wp-json\/wp\/v2\/posts"}],"about":[{"href":"https:\/\/canakkaleulushaber.com\/index.php\/wp-json\/wp\/v2\/types\/post"}],"author":[{"embeddable":true,"href":"https:\/\/canakkaleulushaber.com\/index.php\/wp-json\/wp\/v2\/users\/1"}],"replies":[{"embeddable":true,"href":"https:\/\/canakkaleulushaber.com\/index.php\/wp-json\/wp\/v2\/comments?post=488"}],"version-history":[{"count":1,"href":"https:\/\/canakkaleulushaber.com\/index.php\/wp-json\/wp\/v2\/posts\/488\/revisions"}],"predecessor-version":[{"id":491,"href":"https:\/\/canakkaleulushaber.com\/index.php\/wp-json\/wp\/v2\/posts\/488\/revisions\/491"}],"wp:featuredmedia":[{"embeddable":true,"href":"https:\/\/canakkaleulushaber.com\/index.php\/wp-json\/wp\/v2\/media\/490"}],"wp:attachment":[{"href":"https:\/\/canakkaleulushaber.com\/index.php\/wp-json\/wp\/v2\/media?parent=488"}],"wp:term":[{"taxonomy":"category","embeddable":true,"href":"https:\/\/canakkaleulushaber.com\/index.php\/wp-json\/wp\/v2\/categories?post=488"},{"taxonomy":"post_tag","embeddable":true,"href":"https:\/\/canakkaleulushaber.com\/index.php\/wp-json\/wp\/v2\/tags?post=488"}],"curies":[{"name":"wp","href":"https:\/\/api.w.org\/{rel}","templated":true}]}}