{"id":474,"date":"2021-06-10T21:12:15","date_gmt":"2021-06-10T21:12:15","guid":{"rendered":"https:\/\/canakkaleulushaber.com\/?p=474"},"modified":"2021-06-10T21:12:15","modified_gmt":"2021-06-10T21:12:15","slug":"esnafa-ve-vatandasa-sevindiren-haber","status":"publish","type":"post","link":"https:\/\/canakkaleulushaber.com\/index.php\/2021\/06\/10\/esnafa-ve-vatandasa-sevindiren-haber\/","title":{"rendered":"ESNAFA VE VATANDA\u015e&#8217;A SEV\u0130ND\u0130REN HABER&#8230;!"},"content":{"rendered":"<p>AK Parti \u00c7anakkale Milletvekili J\u00fclide \u0130SKENDERO\u011eLU, kendisinin de alt\u0131nda imzas\u0131 bulunan \u2018Baz\u0131 Alacaklar\u0131n Yeniden Yap\u0131land\u0131r\u0131lmas\u0131 ile Baz\u0131 Kanunlarda De\u011fi\u015fiklik Yap\u0131lmas\u0131na \u0130li\u015fkin Kanun Teklifi\u2019nin TBMM\u2019de onaylanarak yasala\u015ft\u0131\u011f\u0131n\u0131 ve Resmi Gazete\u2019de yay\u0131nlanarak y\u00fcr\u00fcrl\u00fc\u011fe girdi\u011fini\u2019 s\u00f6yledi. \u0130SKENDERO\u011eLU, Cumhurba\u015fkan\u0131 Say\u0131n Recep Tayyip ERDO\u011eAN liderli\u011finde yap\u0131lan \u00e7al\u0131\u015fmalar ve al\u0131nan etkin tedbirlerle d\u00fcnya \u00fclkelerinin ekonomilerinin maksimum d\u00fczeyde k\u00fc\u00e7\u00fcld\u00fc\u011f\u00fcn\u00fc, bu s\u00fcre\u00e7te T\u00fcrkiye ekonomisinin y\u0131l\u0131n ilk \u00e7eyre\u011finde %7 b\u00fcy\u00fcyerek beklentilerin de \u00fczerinde bir orana \u00e7\u0131kt\u0131\u011f\u0131n\u0131n alt\u0131n\u0131 \u00e7izdi.<\/p>\n<p>Kamu Alacaklar\u0131 Yeniden Yap\u0131land\u0131r\u0131ld\u0131<\/p>\n<p>D\u00fcnya \u00fclkelerinin salg\u0131nla m\u00fccadelede s\u0131n\u0131fta kald\u0131\u011f\u0131 bir d\u00f6nemde T\u00fcrkiye\u2019nin kenetlenerek devlet ve millet olarak dayan\u0131\u015fma i\u00e7erisinde s\u00fcreci ba\u015far\u0131yla y\u00fcr\u00fctt\u00fc\u011f\u00fcn\u00fc hat\u0131rlatan \u0130SKENDERO\u011eLU; \u201d Sa\u011fl\u0131k yat\u0131r\u0131mlar\u0131ndan ekonomiye, esnaf\u0131m\u0131za, \u00e7ift\u00e7ilerimize, vatanda\u015flar\u0131m\u0131za desteklere kadar gereken t\u00fcm tedbirleri ald\u0131k. Bir taraftan salg\u0131nla m\u00fccadele ederken di\u011fer taraftan ba\u015fta 1915 \u00c7anakkale K\u00f6pr\u00fcm\u00fcz, Ezine OSB\u2019miz, barajlar\u0131m\u0131z olmak \u00fczere her alanda yat\u0131r\u0131m ve projelerimize devam ettik. Esnaf\u0131m\u0131z, \u00e7ift\u00e7imiz, \u00f6\u011frencilerimiz k\u0131saca milletimizin b\u00fct\u00fcn kesimlerinden gelen istek ve talepler do\u011frultusunda vatanda\u015flar\u0131m\u0131z\u0131n bu zorlu s\u00fcre\u00e7te zarar g\u00f6rmemeleri ve en az \u015fekilde etkilenmeleri i\u00e7in g\u00fcn\u00fcn ihtiya\u00e7lar\u0131na g\u00f6re yeni bir kanun teklifi \u00e7al\u0131\u015fmas\u0131 yapt\u0131k.\u201d dedi.<\/p>\n<p>Yeni kanun teklifi ile ilgili bilgiler de veren \u0130SKENDERO\u011eLU;\u201d Yasala\u015fan kanun teklifimizle birlikte kamuya ait alacaklar\u0131n yeniden yap\u0131land\u0131r\u0131lmas\u0131 sa\u011flanacak. B\u00f6ylece hem vatanda\u015flar\u0131m\u0131z\u0131n bu zor s\u00fcre\u00e7ten en az etkilenerek \u00e7\u0131kmas\u0131n\u0131 sa\u011flayaca\u011f\u0131z hem de istihdam\u0131, ekonomiyi korumaya devam edece\u011fiz. Yap\u0131land\u0131rma kapsam\u0131nda kamuya ait bor\u00e7lara taksitlendirmeden kimi gecikme zamlar\u0131n\u0131n faizlerinin silinmesine kadar \u00e7ok geni\u015f kapsaml\u0131 bir yap\u0131land\u0131rma \u00e7al\u0131\u015fmas\u0131 oldu. \u00c7ok geni\u015f bir alan\u0131 kapsayan ve alt\u0131nda benim de imzam\u0131n oldu\u011fu Baz\u0131 Alacaklar\u0131n Yeniden Yap\u0131land\u0131r\u0131lmas\u0131 ile Baz\u0131 Kanunlarda De\u011fi\u015fiklik Yap\u0131lmas\u0131na \u0130li\u015fkin Kanun Teklifimiz TBMM\u2019de onaylanarak yasala\u015ft\u0131 ve Resmi Gazete\u2019de yay\u0131nland\u0131.\u201d diye konu\u015ftu.<\/p>\n","protected":false},"excerpt":{"rendered":"<p>AK Parti \u00c7anakkale Milletvekili J\u00fclide \u0130SKENDERO\u011eLU, kendisinin de alt\u0131nda imzas\u0131 bulunan \u2018Baz\u0131 Alacaklar\u0131n Yeniden Yap\u0131land\u0131r\u0131lmas\u0131 ile Baz\u0131&#8230;<\/p>\n","protected":false},"author":1,"featured_media":93,"comment_status":"open","ping_status":"open","sticky":false,"template":"","format":"standard","meta":{"_monsterinsights_skip_tracking":false,"_monsterinsights_sitenote_active":false,"_monsterinsights_sitenote_note":"","_monsterinsights_sitenote_category":0,"footnotes":""},"categories":[239,4,6,15],"tags":[],"class_list":["post-474","post","type-post","status-publish","format-standard","has-post-thumbnail","hentry","category-canakkale","category-ekonomi","category-gundem","category-yasam"],"_links":{"self":[{"href":"https:\/\/canakkaleulushaber.com\/index.php\/wp-json\/wp\/v2\/posts\/474","targetHints":{"allow":["GET"]}}],"collection":[{"href":"https:\/\/canakkaleulushaber.com\/index.php\/wp-json\/wp\/v2\/posts"}],"about":[{"href":"https:\/\/canakkaleulushaber.com\/index.php\/wp-json\/wp\/v2\/types\/post"}],"author":[{"embeddable":true,"href":"https:\/\/canakkaleulushaber.com\/index.php\/wp-json\/wp\/v2\/users\/1"}],"replies":[{"embeddable":true,"href":"https:\/\/canakkaleulushaber.com\/index.php\/wp-json\/wp\/v2\/comments?post=474"}],"version-history":[{"count":1,"href":"https:\/\/canakkaleulushaber.com\/index.php\/wp-json\/wp\/v2\/posts\/474\/revisions"}],"predecessor-version":[{"id":475,"href":"https:\/\/canakkaleulushaber.com\/index.php\/wp-json\/wp\/v2\/posts\/474\/revisions\/475"}],"wp:featuredmedia":[{"embeddable":true,"href":"https:\/\/canakkaleulushaber.com\/index.php\/wp-json\/wp\/v2\/media\/93"}],"wp:attachment":[{"href":"https:\/\/canakkaleulushaber.com\/index.php\/wp-json\/wp\/v2\/media?parent=474"}],"wp:term":[{"taxonomy":"category","embeddable":true,"href":"https:\/\/canakkaleulushaber.com\/index.php\/wp-json\/wp\/v2\/categories?post=474"},{"taxonomy":"post_tag","embeddable":true,"href":"https:\/\/canakkaleulushaber.com\/index.php\/wp-json\/wp\/v2\/tags?post=474"}],"curies":[{"name":"wp","href":"https:\/\/api.w.org\/{rel}","templated":true}]}}