{"id":196,"date":"2020-11-19T11:10:37","date_gmt":"2020-11-19T11:10:37","guid":{"rendered":"https:\/\/gundemdunya.com\/yangindan-ailesini-kurtardi-kendisi-yandi\/"},"modified":"2020-11-19T11:10:37","modified_gmt":"2020-11-19T11:10:37","slug":"yangindan-ailesini-kurtardi-kendisi-yandi","status":"publish","type":"post","link":"https:\/\/canakkaleulushaber.com\/index.php\/2020\/11\/19\/yangindan-ailesini-kurtardi-kendisi-yandi\/","title":{"rendered":"Yang\u0131ndan ailesini kurtard\u0131, kendisi yand\u0131"},"content":{"rendered":"<p>Samsun&#8217;da gece bir evde \u00e7\u0131kan yang\u0131nda ailesinden 5 ki\u015fiyi yanmaktan kurtar\u0131p d\u0131\u015far\u0131 \u00e7\u0131kartan baba, alevler i\u00e7inde kalarak hastanelik oldu. Yang\u0131nda 6 ki\u015fi hastanede tedavi alt\u0131na al\u0131nd\u0131. Ayn\u0131 ailenin 3 y\u0131l \u00f6nce de evlerinin yand\u0131\u011f\u0131 ortaya \u00e7\u0131kt\u0131. <\/p>\n<div\/>\n<p>Samsun\u2019un Vezirk\u00f6pr\u00fc il\u00e7esinin Oru\u00e7 Mahallesi\u2019nde gece saatlerinde, 52 ya\u015f\u0131ndaki Halil Doruk\u2019a ait evde yang\u0131n \u00e7\u0131kt\u0131.<\/p>\n<p>Aile fertleri uykuda olduklar\u0131 s\u0131rada evin o\u011flu Vahit Doruk yang\u0131n\u0131 fark edip babas\u0131na seslenerek uyand\u0131rd\u0131. Baba Halil Doruk alevler i\u00e7inden o\u011flu Vahit Doruk, e\u015fi Hatice Doruk, annesi, Fatma Doruk, k\u0131z\u0131 Cemile Doruk ve torunu 2 ya\u015f\u0131ndaki Elif\u2019i yanan evden d\u0131\u015far\u0131 \u00e7\u0131karmay\u0131 ba\u015far\u0131rken kendisi ise \u00e7e\u015fitli yerlerinden yanarak yaraland\u0131.<\/p>\n<p>Halil Doruk, 112 ekipleri taraf\u0131ndan ambulanslarla Vezirk\u00f6pr\u00fc Devlet Hastanesi\u2019ne kald\u0131r\u0131ld\u0131.<\/p>\n<p>Baba Halil Doruk ilk m\u00fcdahalesinin ard\u0131ndan Samsun E\u011fitim ve Ara\u015ft\u0131rma Hastanesi Yan\u0131k Tedavi Merkezi\u2019ne sevk edildi.<\/p>\n<div id=\"attachment_6132039\"><img loading=\"lazy\" decoding=\"async\" aria-describedby=\"caption-attachment-6132039\" src=\"https:\/\/canakkaleulushaber.com\/wp-content\/uploads\/2020\/11\/yangindan-ailesini-kurtardi-kendisi-yandi-5fb652aa1c8b8.jpg\" alt=\"\" width=\"660\" height=\"371\"\/><\/p>\n<p id=\"caption-attachment-6132039\">(FOTO: \u0130HA)<\/p>\n<\/div>\n<p><strong>\u201cYANDIM AMA A\u0130LEM\u0130 KURTARDIM\u201d<\/strong><\/p>\n<p>Samsun\u2019daki hastanede tedavi alt\u0131na al\u0131nan Halil Doruk, \u201cO\u011flan \u2018baba yan\u0131yoruz\u2019 diye ba\u011f\u0131rd\u0131. Yat\u0131yorduk. Kalkt\u0131m e\u015fim de pe\u015fimden kalkt\u0131. O\u011flum ile e\u015fimi d\u0131\u015far\u0131 \u00e7\u0131kartt\u0131m. K\u0131z\u0131mla torunumu \u00e7\u0131kard\u0131m. Ondan sonra da annemi kald\u0131r\u0131p \u00e7\u0131kard\u0131m. Ailemi kurtarmak i\u00e7in evde hangi odaya gitsem sanki alevler beni pe\u015fimden takip eder gibi geliyordu. Ben yand\u0131m ama \u00e7ok \u015f\u00fck\u00fcr ailemi de kurtard\u0131m\u201d dedi.<\/p>\n<p><strong>EVDE 3 YIL \u00d6NCE DE YANGIN \u00c7IKTI<\/strong><\/p>\n<p>3 y\u0131l \u00f6nce de ah\u015fap olan evinin elektrik konta\u011f\u0131ndan \u00e7\u0131kan yang\u0131nda tamamen yand\u0131\u011f\u0131n\u0131 s\u00f6yleyen Halil Doruk, \u201c3 y\u0131l \u00f6nce yanan evimin yerine yenisini yapt\u0131rd\u0131m. Yeni yapt\u0131rd\u0131\u011f\u0131m evimin borcu daha bitmedi. Evin borcunu \u00f6demek i\u00e7in bir kaportac\u0131da \u00e7al\u0131\u015f\u0131yorum\u201d diye konu\u015ftu.<strong><br \/><\/strong><\/p>\n<div id=\"attachment_6132029\"><img loading=\"lazy\" decoding=\"async\" aria-describedby=\"caption-attachment-6132029\" src=\"https:\/\/canakkaleulushaber.com\/wp-content\/uploads\/2020\/11\/yangindan-ailesini-kurtardi-kendisi-yandi-5fb652ab38078.jpg\" alt=\"\" width=\"660\" height=\"434\"\/><\/p>\n<p id=\"caption-attachment-6132029\">(FOTO: \u0130HA)<\/p>\n<\/div>\n<p>Yang\u0131n ile ilgili soru\u015fturma ba\u015flat\u0131ld\u0131. <strong>(\u0130HA)<\/strong><\/p>\n<div>\n<div>\n<div>\n<div> Son g\u00fcncelleme: 12:47 &#8211; 19.11.2020 <\/div>\n<\/p><\/div>\n<\/p><\/div>\n<\/p><\/div>\n","protected":false},"excerpt":{"rendered":"<p>Samsun&#8217;da gece bir evde \u00e7\u0131kan yang\u0131nda ailesinden 5 ki\u015fiyi yanmaktan kurtar\u0131p d\u0131\u015far\u0131 \u00e7\u0131kartan baba, alevler i\u00e7inde kalarak&#8230;<\/p>\n","protected":false},"author":1,"featured_media":193,"comment_status":"open","ping_status":"open","sticky":false,"template":"","format":"standard","meta":{"_monsterinsights_skip_tracking":false,"_monsterinsights_sitenote_active":false,"_monsterinsights_sitenote_note":"","_monsterinsights_sitenote_category":0,"footnotes":""},"categories":[15],"tags":[25,139,144,226,227],"class_list":["post-196","post","type-post","status-publish","format-standard","has-post-thumbnail","hentry","category-yasam","tag-ailesini","tag-kendisi","tag-kurtardi","tag-yandi","tag-yangindan"],"_links":{"self":[{"href":"https:\/\/canakkaleulushaber.com\/index.php\/wp-json\/wp\/v2\/posts\/196","targetHints":{"allow":["GET"]}}],"collection":[{"href":"https:\/\/canakkaleulushaber.com\/index.php\/wp-json\/wp\/v2\/posts"}],"about":[{"href":"https:\/\/canakkaleulushaber.com\/index.php\/wp-json\/wp\/v2\/types\/post"}],"author":[{"embeddable":true,"href":"https:\/\/canakkaleulushaber.com\/index.php\/wp-json\/wp\/v2\/users\/1"}],"replies":[{"embeddable":true,"href":"https:\/\/canakkaleulushaber.com\/index.php\/wp-json\/wp\/v2\/comments?post=196"}],"version-history":[{"count":0,"href":"https:\/\/canakkaleulushaber.com\/index.php\/wp-json\/wp\/v2\/posts\/196\/revisions"}],"wp:featuredmedia":[{"embeddable":true,"href":"https:\/\/canakkaleulushaber.com\/index.php\/wp-json\/wp\/v2\/media\/193"}],"wp:attachment":[{"href":"https:\/\/canakkaleulushaber.com\/index.php\/wp-json\/wp\/v2\/media?parent=196"}],"wp:term":[{"taxonomy":"category","embeddable":true,"href":"https:\/\/canakkaleulushaber.com\/index.php\/wp-json\/wp\/v2\/categories?post=196"},{"taxonomy":"post_tag","embeddable":true,"href":"https:\/\/canakkaleulushaber.com\/index.php\/wp-json\/wp\/v2\/tags?post=196"}],"curies":[{"name":"wp","href":"https:\/\/api.w.org\/{rel}","templated":true}]}}