{"id":182,"date":"2020-11-19T11:04:59","date_gmt":"2020-11-19T11:04:59","guid":{"rendered":"https:\/\/gundemdunya.com\/sener-sen-koronavirus-nedeniyle-hastaneye-kaldirildi\/"},"modified":"2020-11-19T11:04:59","modified_gmt":"2020-11-19T11:04:59","slug":"sener-sen-koronavirus-nedeniyle-hastaneye-kaldirildi","status":"publish","type":"post","link":"https:\/\/canakkaleulushaber.com\/index.php\/2020\/11\/19\/sener-sen-koronavirus-nedeniyle-hastaneye-kaldirildi\/","title":{"rendered":"\u015eener \u015een koronavir\u00fcs nedeniyle hastaneye kald\u0131r\u0131ld\u0131"},"content":{"rendered":"<p> T\u00fcrk sinemas\u0131n\u0131n sevilen ismi \u015eener \u015een&#8217;in Covid-19 testinin pozitif \u00e7\u0131kt\u0131\u011f\u0131 \u00f6\u011frenildi. Usta sanat\u00e7\u0131, korona vir\u00fcs testinin pozitif \u00e7\u0131kmas\u0131 nedeniyle hastanede tedavi alt\u0131na al\u0131nd\u0131. 78 ya\u015f\u0131ndaki \u015een&#8217;in sa\u011fl\u0131k durumunun iyi oldu\u011fu belirtildi.<\/p>\n","protected":false},"excerpt":{"rendered":"<p>T\u00fcrk sinemas\u0131n\u0131n sevilen ismi \u015eener \u015een&#8217;in Covid-19 testinin pozitif \u00e7\u0131kt\u0131\u011f\u0131 \u00f6\u011frenildi. Usta sanat\u00e7\u0131, korona vir\u00fcs testinin pozitif&#8230;<\/p>\n","protected":false},"author":1,"featured_media":181,"comment_status":"open","ping_status":"open","sticky":false,"template":"","format":"standard","meta":{"_monsterinsights_skip_tracking":false,"_monsterinsights_sitenote_active":false,"_monsterinsights_sitenote_note":"","_monsterinsights_sitenote_category":0,"footnotes":""},"categories":[9],"tags":[44,46,75,85,90,101,107,115,116,117,118,122,127,143,148,157,159,175,181,187,188,195,199,216],"class_list":["post-182","post","type-post","status-publish","format-standard","has-post-thumbnail","hentry","category-magazin","tag-bilim-teknoloji","tag-borsa","tag-doviz","tag-dunya","tag-ekonomi","tag-finans","tag-futbol","tag-guncel-haberler","tag-gundem","tag-haber","tag-haberler","tag-hava-durumu","tag-iha","tag-kultur-sanat","tag-magazin","tag-moda","tag-muzik","tag-politika","tag-saglik","tag-sinema","tag-siyaset","tag-son-dakika-haberleri","tag-spor","tag-turkiye"],"_links":{"self":[{"href":"https:\/\/canakkaleulushaber.com\/index.php\/wp-json\/wp\/v2\/posts\/182","targetHints":{"allow":["GET"]}}],"collection":[{"href":"https:\/\/canakkaleulushaber.com\/index.php\/wp-json\/wp\/v2\/posts"}],"about":[{"href":"https:\/\/canakkaleulushaber.com\/index.php\/wp-json\/wp\/v2\/types\/post"}],"author":[{"embeddable":true,"href":"https:\/\/canakkaleulushaber.com\/index.php\/wp-json\/wp\/v2\/users\/1"}],"replies":[{"embeddable":true,"href":"https:\/\/canakkaleulushaber.com\/index.php\/wp-json\/wp\/v2\/comments?post=182"}],"version-history":[{"count":0,"href":"https:\/\/canakkaleulushaber.com\/index.php\/wp-json\/wp\/v2\/posts\/182\/revisions"}],"wp:featuredmedia":[{"embeddable":true,"href":"https:\/\/canakkaleulushaber.com\/index.php\/wp-json\/wp\/v2\/media\/181"}],"wp:attachment":[{"href":"https:\/\/canakkaleulushaber.com\/index.php\/wp-json\/wp\/v2\/media?parent=182"}],"wp:term":[{"taxonomy":"category","embeddable":true,"href":"https:\/\/canakkaleulushaber.com\/index.php\/wp-json\/wp\/v2\/categories?post=182"},{"taxonomy":"post_tag","embeddable":true,"href":"https:\/\/canakkaleulushaber.com\/index.php\/wp-json\/wp\/v2\/tags?post=182"}],"curies":[{"name":"wp","href":"https:\/\/api.w.org\/{rel}","templated":true}]}}