{"id":173,"date":"2020-11-19T11:03:35","date_gmt":"2020-11-19T11:03:35","guid":{"rendered":"https:\/\/gundemdunya.com\/turk-dj-mesleginin-inceliklerini-anlatti\/"},"modified":"2020-11-19T11:03:35","modified_gmt":"2020-11-19T11:03:35","slug":"turk-dj-mesleginin-inceliklerini-anlatti","status":"publish","type":"post","link":"https:\/\/canakkaleulushaber.com\/index.php\/2020\/11\/19\/turk-dj-mesleginin-inceliklerini-anlatti\/","title":{"rendered":"T\u00fcrk DJ mesle\u011finin inceliklerini anlatt\u0131"},"content":{"rendered":"<p> DJ Orhan Uzdu, T\u00fcrk DJ ve prod\u00fckt\u00f6rd\u00fcr. Son y\u0131llarda e\u011flence ve m\u00fczik d\u00fcnyas\u0131na DJ&#8217;lerin a\u011f\u0131rl\u0131\u011f\u0131n\u0131 koymas\u0131n\u0131n beki de \u00f6nc\u00fclerinden biri. \u00dcnl\u00fc DJ, 21 ya\u015f\u0131nda ba\u015flad\u0131\u011f\u0131 DJ&#8217;li\u011fe son h\u0131z devam ederken bir yandan da bir\u00e7ok ba\u015far\u0131l\u0131 m\u00fczisyenle st\u00fcdyo \u00e7al\u0131\u015fmalar\u0131 yapmakta. 2011 y\u0131l\u0131nda m\u00fczik sekt\u00f6r\u00fcne profesyonel olarak ad\u0131m atan DJ Orhan&#8217;\u0131n hedefi olduk\u00e7a b\u00fcy\u00fck. Hedefinin d\u00fcnyaca \u00fcnl\u00fc isimlerle \u00e7al\u0131\u015fmak oldu\u011funu dile getiren Uzdu, bu hedefinin b\u00fcy\u00fck bir b\u00f6l\u00fcm\u00fcn\u00fc ger\u00e7ekle\u015ftirdi. Ba\u015far\u0131l\u0131 DJ \u00fclkesini uluslararas\u0131 alanda temsil etmekten de gurur duydu\u011funu ifade etti.<\/p>\n<p> 2012 y\u0131l\u0131nda T\u00fcrkiye&#8217;nin bir\u00e7ok yerinde d\u00fczenlenen m\u00fczik etkinliklerinde sahne alan DJ Orhan, ayn\u0131 y\u0131l bir rekorun da sahibi olmu\u015ftu. \u201cBir Y\u0131l \u0130\u00e7inde Sahneye En \u00c7ok \u00c7\u0131kan DJ\u201d unvan\u0131na sahip olan ba\u015far\u0131l\u0131 m\u00fczisyen, takip eden y\u0131llarda da m\u00fczik festivallerinin vazge\u00e7ilmezi oldu.\u00a0<\/p>\n<p> Aranj\u00f6rl\u00fc\u011f\u00fcn\u00fc yapt\u0131\u011f\u0131 alb\u00fcmlerde de b\u00fcy\u00fck bir ba\u015far\u0131 yakalayan Orhan Uzdu&#8217;nun marifetleri sadece DJ&#8217;likte de\u011fil. Bir\u00e7ok enstr\u00fcman\u0131 \u00e7alabilen ve prod\u00fckt\u00f6rl\u00fc\u011f\u00fcn\u00fc \u00fcstlendi\u011fi alb\u00fcmlerde de bu yetene\u011fini konu\u015fturan Orhan Uzdu gelecek y\u0131llarda da ad\u0131ndan epey s\u00f6z ettirece\u011fe benziyor.<\/p>\n<p> <strong>\u00dcnl\u00fc DJ Orhan Uzdu Kimdir?<\/strong><br \/> DJ Orhan Uzdu ba\u015far\u0131l\u0131 bir m\u00fczik e\u011fitimi ald\u0131ktan sonra sekt\u00f6re bomba gibi girmi\u015f, on parma\u011f\u0131nda on marifet bir m\u00fczisyen. T\u00fcrkiye&#8217;de ve d\u00fcnyada bir\u00e7ok festivale davetli olarak kat\u0131lan ve dinleyicilerinden tam not alan DJ Orhan Uzdu House tarz\u0131ndaki m\u00fczi\u011fiyle de herkesin dikkatini \u00e7ekiyor.\u00a0<\/p>\n<p> Orhan Uzdu m\u00fczik hayat\u0131n\u0131n ilk y\u0131llar\u0131nda bile bir\u00e7ok DJ&#8217;in sahne ald\u0131\u011f\u0131 etkinliklerde m\u00fczi\u011fi ile \u00f6n plana \u00e7\u0131kmay\u0131 ba\u015farabilmi\u015f bir isim. Dinleyicileri taraf\u0131ndan \u00e7ok sevilen Orhan Uzdu, DJ&#8217;lik basamaklar\u0131n\u0131 be\u015fer onar \u00e7\u0131kmaya devam ediyor.<\/p>\n<p> <strong>House M\u00fczi\u011fe Y\u00f6n Veren \u0130sim: DJ Orhan Uzdu <\/strong><br \/> Son y\u0131llarda \u00fclkemizde de olduk\u00e7a pop\u00fcler h\u00e2le gelen House m\u00fczik, onu icra edenlerin de pop\u00fclaritesini art\u0131r\u0131yor. Orhan Uzdu de ba\u015far\u0131l\u0131 m\u00fczik hayat\u0131n\u0131 zirveye oynayarak s\u00fcrd\u00fcren House m\u00fczik sevdal\u0131lar\u0131ndan biri. Ayn\u0131 zamanda prod\u00fckt\u00f6rl\u00fck de yapan Orhan Uzdu, DJ&#8217;li\u011fe ise 21 ya\u015f\u0131ndayken ba\u015flad\u0131\u011f\u0131n\u0131 ifade ediyor. DJ&#8217;li\u011fi bir ya\u015fam tarz\u0131 olarak tan\u0131mlayan ba\u015far\u0131l\u0131 DJ, mesle\u011fini hayat\u0131n\u0131n her alan\u0131na yans\u0131tmaktan da \u00e7ekinmiyor.\u00a0<\/p>\n<p> Bug\u00fcne kadar T\u00fcrkiye&#8217;nin \u00fcnl\u00fc isimleriyle de bir\u00e7ok alb\u00fcm \u00e7al\u0131\u015fmas\u0131na imza atan \u00fcnl\u00fc DJ uluslararas\u0131 alanda da ad\u0131ndan olduk\u00e7a s\u0131k s\u00f6z ettiriyor. Bunun en iyi g\u00f6stergelerinden biri de yak\u0131n zamanda Amerika&#8217;da d\u00fczenlenecek olan bir m\u00fczik festivalinde sahne almas\u0131 i\u00e7in kendisine g\u00f6nderilen davet\u2026 tarz\u0131n kullan\u0131ld\u0131\u011f\u0131 \u00e7al\u0131\u015fmalar yak\u0131ndan takip ediliyor.\u00a0<\/p>\n<p> <strong>DJ Orhan Uzdu: Phoenix Alb\u00fcm\u00fc \u00c7\u0131kt\u0131!<\/strong><br \/> DJ Orhan Uzdu dinleyicileri taraf\u0131ndan merakla beklenen haberi duyurdu! Uzun zamand\u0131r alb\u00fcm \u00e7al\u0131\u015fmalar\u0131 i\u00e7in st\u00fcdyoda sabahlad\u0131\u011f\u0131n\u0131 ifade eden DJ Orhan Uzdu i\u00e7in heyecanl\u0131 bekleyi\u015f mutlu sonla bitti. 29 ya\u015f\u0131ndaki \u0130stanbullu DJ Orhan Uzdu hayranlar\u0131na yeni alb\u00fcm\u00fc Phoenix&#8217;in m\u00fcjdesini verdi.\u00a0<\/p>\n<p> Son y\u0131llarda T\u00fcrkiye&#8217;nin \u00fcnl\u00fc isimleriyle ba\u015far\u0131l\u0131 alb\u00fcmlere imza atan prod\u00fckt\u00f6r\/DJ Orhan Uzdu bu kez kendi alb\u00fcm\u00fc i\u00e7in st\u00fcdyodayd\u0131. Uzun soluklu bir st\u00fcdyo s\u00fcreci sonras\u0131 hayranlar\u0131n\u0131n heyecanl\u0131 bekleyi\u015fine kulak veren Orhan Uzdu onlar\u0131 Phoenix&#8217;le co\u015fturmaya haz\u0131rlan\u0131yor.\u00a0<\/p>\n<p> Alb\u00fcm\u00fc i\u00e7in d\u00fcnyaca \u00fcnl\u00fc bir\u00e7ok isimle \u00e7al\u0131\u015ft\u0131\u011f\u0131n\u0131 ifade eden ba\u015far\u0131l\u0131 DJ bu kez farkl\u0131 bir House-Electro konseptiyle sevenlerine merhaba diyor. A\u011f\u0131rl\u0131kl\u0131 olarak \u00f6zg\u00fcn tarz\u0131n\u0131 korumay\u0131 ba\u015fard\u0131\u011f\u0131 bir alb\u00fcm yapt\u0131\u011f\u0131n\u0131 da s\u00f6yleyen Orhan Uzdu&#8217;ya bu konuda dinleyicileri de kat\u0131l\u0131yor olacak ki, \u015fimdiden alb\u00fcm\u00fcyle ilgili binlerce be\u011feni alm\u0131\u015f durumda.<\/p>\n","protected":false},"excerpt":{"rendered":"<p>DJ Orhan Uzdu, T\u00fcrk DJ ve prod\u00fckt\u00f6rd\u00fcr. Son y\u0131llarda e\u011flence ve m\u00fczik d\u00fcnyas\u0131na DJ&#8217;lerin a\u011f\u0131rl\u0131\u011f\u0131n\u0131 koymas\u0131n\u0131n beki&#8230;<\/p>\n","protected":false},"author":1,"featured_media":172,"comment_status":"open","ping_status":"open","sticky":false,"template":"","format":"standard","meta":{"_monsterinsights_skip_tracking":false,"_monsterinsights_sitenote_active":false,"_monsterinsights_sitenote_note":"","_monsterinsights_sitenote_category":0,"footnotes":""},"categories":[9],"tags":[44,46,75,85,90,101,107,115,116,117,118,122,127,143,148,157,159,175,181,187,188,195,199,216],"class_list":["post-173","post","type-post","status-publish","format-standard","has-post-thumbnail","hentry","category-magazin","tag-bilim-teknoloji","tag-borsa","tag-doviz","tag-dunya","tag-ekonomi","tag-finans","tag-futbol","tag-guncel-haberler","tag-gundem","tag-haber","tag-haberler","tag-hava-durumu","tag-iha","tag-kultur-sanat","tag-magazin","tag-moda","tag-muzik","tag-politika","tag-saglik","tag-sinema","tag-siyaset","tag-son-dakika-haberleri","tag-spor","tag-turkiye"],"_links":{"self":[{"href":"https:\/\/canakkaleulushaber.com\/index.php\/wp-json\/wp\/v2\/posts\/173","targetHints":{"allow":["GET"]}}],"collection":[{"href":"https:\/\/canakkaleulushaber.com\/index.php\/wp-json\/wp\/v2\/posts"}],"about":[{"href":"https:\/\/canakkaleulushaber.com\/index.php\/wp-json\/wp\/v2\/types\/post"}],"author":[{"embeddable":true,"href":"https:\/\/canakkaleulushaber.com\/index.php\/wp-json\/wp\/v2\/users\/1"}],"replies":[{"embeddable":true,"href":"https:\/\/canakkaleulushaber.com\/index.php\/wp-json\/wp\/v2\/comments?post=173"}],"version-history":[{"count":0,"href":"https:\/\/canakkaleulushaber.com\/index.php\/wp-json\/wp\/v2\/posts\/173\/revisions"}],"wp:featuredmedia":[{"embeddable":true,"href":"https:\/\/canakkaleulushaber.com\/index.php\/wp-json\/wp\/v2\/media\/172"}],"wp:attachment":[{"href":"https:\/\/canakkaleulushaber.com\/index.php\/wp-json\/wp\/v2\/media?parent=173"}],"wp:term":[{"taxonomy":"category","embeddable":true,"href":"https:\/\/canakkaleulushaber.com\/index.php\/wp-json\/wp\/v2\/categories?post=173"},{"taxonomy":"post_tag","embeddable":true,"href":"https:\/\/canakkaleulushaber.com\/index.php\/wp-json\/wp\/v2\/tags?post=173"}],"curies":[{"name":"wp","href":"https:\/\/api.w.org\/{rel}","templated":true}]}}