{"id":161,"date":"2020-11-19T11:00:19","date_gmt":"2020-11-19T11:00:19","guid":{"rendered":"https:\/\/gundemdunya.com\/24-ilde-on-binlerce-kitap-hediye-edilecek\/"},"modified":"2020-11-19T11:00:19","modified_gmt":"2020-11-19T11:00:19","slug":"24-ilde-on-binlerce-kitap-hediye-edilecek","status":"publish","type":"post","link":"https:\/\/canakkaleulushaber.com\/index.php\/2020\/11\/19\/24-ilde-on-binlerce-kitap-hediye-edilecek\/","title":{"rendered":"24 ilde on binlerce kitap hediye edilecek"},"content":{"rendered":"<p> Turkcell, ara tatilde daha keyifli vakit ge\u00e7irebilmeleri i\u00e7in \u00e7ocuklara \u00f6zel bir kitap \u015fenli\u011fi ba\u015flat\u0131yor. Yap\u0131lan duyuruya g\u00f6re Do\u011fu ve G\u00fcneydo\u011fu Anadolu b\u00f6lgelerinde bulunan 24 ili kapsayan proje kapsam\u0131nda Turkcell ma\u011fazalar\u0131nda y\u00fcz binlerce \u00e7ocuk kitab\u0131 hediye edilecek.<\/p>\n<p> Kitap \u015fenli\u011finden yararlanmak isteyen m\u00fc\u015fterilerin yapmalar\u0131 gereken tek \u015fey olarak, proje kapsam\u0131nda 24 ilde bulunan 181 Turkcell ma\u011fazas\u0131ndan birinden ya da turkcell.com.tr internet adresinden al\u0131\u015fveri\u015f yapmak belirtildi. Kitap \u015fenli\u011fine kat\u0131lan herkes, ara tatilinin ba\u015flang\u0131c\u0131 olan 16 Kas\u0131m 2020 tarihinden itibaren \u015firketin ma\u011fazalar\u0131ndaki stantlarda bulunan, T\u00fcrk ve D\u00fcnya klasiklerinden 30 farkl\u0131 kitap aras\u0131ndan dilediklerini \u00fccretsiz olarak alacak. Kampanya kapsam\u0131nda toplam 140 bin kitap ve ayra\u00e7 hediye edilecek.<\/p>\n<p> <strong>&#8220;\u00c7ocuklar\u0131m\u0131z\u0131n e\u011fitimlerine destek oluyoruz\u201d<\/strong><br \/> Turkcell Genel M\u00fcd\u00fcr\u00fc Murat Erkan, \u201cPandemi s\u00fcresince \u00e7ocuklar\u0131m\u0131z\u0131n evden e\u011fitimlerine teknolojimizle destek olarak onlar\u0131n yan\u0131nda oluyoruz. Turkcell olarak ara tatil d\u00f6neminde \u00e7ocuklar\u0131m\u0131z\u0131 sevindirmek i\u00e7in onlara k\u00fc\u00e7\u00fck de olsa bir hediye vermek istedik. Bu kapsamda T\u00fcrk ve D\u00fcnya klasiklerinden bir se\u00e7kiyi Do\u011fu ve G\u00fcneydo\u011fu Anadolu b\u00f6lgelerindeki illerimizde ya\u015fayan \u00e7ocuklar\u0131m\u0131zla bulu\u015fturaca\u011f\u0131z. \u00c7ocuklar\u0131m\u0131za yeni ufuklar a\u00e7aca\u011f\u0131na inand\u0131\u011f\u0131m\u0131z kitaplar\u0131 keyifle okumalar\u0131n\u0131 diliyorum\u201d dedi.<\/p>\n<p> Kampanyan\u0131n ge\u00e7erli oldu\u011fu iller \u015fu \u015fekilde belirtildi: \u201cAd\u0131yaman, A\u011fr\u0131, Ardahan, Batman, Bing\u00f6l, Bitlis, Diyarbak\u0131r, Elaz\u0131\u011f, Erzincan, Erzurum, Gaziantep, Hakkari, I\u011fd\u0131r, Kahramanmara\u015f, Kars, Kilis, Malatya, Mardin, Mu\u015f, Siirt, \u015eanl\u0131urfa, \u015e\u0131rnak, Tunceli, Van.\u201d<\/p>\n","protected":false},"excerpt":{"rendered":"<p>Turkcell, ara tatilde daha keyifli vakit ge\u00e7irebilmeleri i\u00e7in \u00e7ocuklara \u00f6zel bir kitap \u015fenli\u011fi ba\u015flat\u0131yor. Yap\u0131lan duyuruya g\u00f6re&#8230;<\/p>\n","protected":false},"author":1,"featured_media":160,"comment_status":"open","ping_status":"open","sticky":false,"template":"","format":"standard","meta":{"_monsterinsights_skip_tracking":false,"_monsterinsights_sitenote_active":false,"_monsterinsights_sitenote_note":"","_monsterinsights_sitenote_category":0,"footnotes":""},"categories":[8],"tags":[44,46,75,85,90,101,107,115,116,117,118,122,127,143,148,157,159,175,181,187,188,195,199,216],"class_list":["post-161","post","type-post","status-publish","format-standard","has-post-thumbnail","hentry","category-kultur","tag-bilim-teknoloji","tag-borsa","tag-doviz","tag-dunya","tag-ekonomi","tag-finans","tag-futbol","tag-guncel-haberler","tag-gundem","tag-haber","tag-haberler","tag-hava-durumu","tag-iha","tag-kultur-sanat","tag-magazin","tag-moda","tag-muzik","tag-politika","tag-saglik","tag-sinema","tag-siyaset","tag-son-dakika-haberleri","tag-spor","tag-turkiye"],"_links":{"self":[{"href":"https:\/\/canakkaleulushaber.com\/index.php\/wp-json\/wp\/v2\/posts\/161","targetHints":{"allow":["GET"]}}],"collection":[{"href":"https:\/\/canakkaleulushaber.com\/index.php\/wp-json\/wp\/v2\/posts"}],"about":[{"href":"https:\/\/canakkaleulushaber.com\/index.php\/wp-json\/wp\/v2\/types\/post"}],"author":[{"embeddable":true,"href":"https:\/\/canakkaleulushaber.com\/index.php\/wp-json\/wp\/v2\/users\/1"}],"replies":[{"embeddable":true,"href":"https:\/\/canakkaleulushaber.com\/index.php\/wp-json\/wp\/v2\/comments?post=161"}],"version-history":[{"count":0,"href":"https:\/\/canakkaleulushaber.com\/index.php\/wp-json\/wp\/v2\/posts\/161\/revisions"}],"wp:featuredmedia":[{"embeddable":true,"href":"https:\/\/canakkaleulushaber.com\/index.php\/wp-json\/wp\/v2\/media\/160"}],"wp:attachment":[{"href":"https:\/\/canakkaleulushaber.com\/index.php\/wp-json\/wp\/v2\/media?parent=161"}],"wp:term":[{"taxonomy":"category","embeddable":true,"href":"https:\/\/canakkaleulushaber.com\/index.php\/wp-json\/wp\/v2\/categories?post=161"},{"taxonomy":"post_tag","embeddable":true,"href":"https:\/\/canakkaleulushaber.com\/index.php\/wp-json\/wp\/v2\/tags?post=161"}],"curies":[{"name":"wp","href":"https:\/\/api.w.org\/{rel}","templated":true}]}}