{"id":144,"date":"2020-11-19T10:16:50","date_gmt":"2020-11-19T10:16:50","guid":{"rendered":"https:\/\/gundemdunya.com\/silide-tansiyon-yukseliyor\/"},"modified":"2020-11-19T10:16:50","modified_gmt":"2020-11-19T10:16:50","slug":"silide-tansiyon-yukseliyor","status":"publish","type":"post","link":"https:\/\/canakkaleulushaber.com\/index.php\/2020\/11\/19\/silide-tansiyon-yukseliyor\/","title":{"rendered":"\u015eili\u2019de tansiyon y\u00fckseliyor"},"content":{"rendered":"<p> \u015eili&#8217;nin ba\u015fkenti Santiago&#8217;da 1990&#8217;da sona eren Pinochet rejiminden kalma anayasan\u0131n yeniden yaz\u0131lmas\u0131 i\u00e7in ger\u00e7ekle\u015ftirilen referandumdan 3 hafta sonra y\u00fczlerce ki\u015fi sokaklara ak\u0131n etti. Anayasan\u0131n de\u011fi\u015ftirilmesine y\u00f6nelik y\u00fczde 80 \u201cevet\u201d oyu al\u0131nmas\u0131na ra\u011fmen eyleme kat\u0131lan y\u00fczlerce ki\u015fi, \u201chen\u00fcz ba\u015far\u0131ya ula\u015f\u0131lamad\u0131\u011f\u0131\u201d gerek\u00e7esiyle h\u00fck\u00fcmet kar\u015f\u0131t\u0131 sloganlar att\u0131. Devlet Ba\u015fkan\u0131 Sebastian Pinera&#8217;n\u0131n istifas\u0131n\u0131 isteyen eylemciler, polisin \u2018da\u011f\u0131l\u0131n&#8217; ihtar\u0131na ra\u011fmen eylemini s\u00fcrd\u00fcrd\u00fc. Polis, Monela Devlet Ba\u015fkanl\u0131\u011f\u0131 Saray\u0131&#8217;na y\u00fcr\u00fcmek isteyen eylemcileri da\u011f\u0131tmak i\u00e7in g\u00f6z ya\u015fart\u0131c\u0131 gaz kulland\u0131. Polisle \u00e7at\u0131\u015fan eylemiler, Devlet Ba\u015fkanl\u0131\u011f\u0131 Saray\u0131 yak\u0131nlar\u0131ndaki Alameda Caddesini 2 saat boyunca trafi\u011fe kapatt\u0131. Eylemciler, h\u00fck\u00fcmet kar\u015f\u0131t\u0131 protestolar\u0131n devam edece\u011fini s\u00f6yledi.<\/p>\n<p> \u0130\u00e7i\u015fleri Bakan\u0131 Victor Perez, Kongre&#8217;nin protestolarda polisin m\u00fcdahalesinin ard\u0131ndan kendine y\u00f6nelik su\u00e7lamalar\u0131 onaylamas\u0131n\u0131n ard\u0131ndan Kas\u0131m ay\u0131n\u0131n ba\u015f\u0131nda istifa etmi\u015fti.<\/p>\n","protected":false},"excerpt":{"rendered":"<p>\u015eili&#8217;nin ba\u015fkenti Santiago&#8217;da 1990&#8217;da sona eren Pinochet rejiminden kalma anayasan\u0131n yeniden yaz\u0131lmas\u0131 i\u00e7in ger\u00e7ekle\u015ftirilen referandumdan 3 hafta&#8230;<\/p>\n","protected":false},"author":1,"featured_media":143,"comment_status":"open","ping_status":"open","sticky":false,"template":"","format":"standard","meta":{"_monsterinsights_skip_tracking":false,"_monsterinsights_sitenote_active":false,"_monsterinsights_sitenote_note":"","_monsterinsights_sitenote_category":0,"footnotes":""},"categories":[2],"tags":[44,46,75,85,90,101,107,115,116,117,118,122,127,143,148,157,159,175,181,187,188,195,199,216],"class_list":["post-144","post","type-post","status-publish","format-standard","has-post-thumbnail","hentry","category-dunya","tag-bilim-teknoloji","tag-borsa","tag-doviz","tag-dunya","tag-ekonomi","tag-finans","tag-futbol","tag-guncel-haberler","tag-gundem","tag-haber","tag-haberler","tag-hava-durumu","tag-iha","tag-kultur-sanat","tag-magazin","tag-moda","tag-muzik","tag-politika","tag-saglik","tag-sinema","tag-siyaset","tag-son-dakika-haberleri","tag-spor","tag-turkiye"],"_links":{"self":[{"href":"https:\/\/canakkaleulushaber.com\/index.php\/wp-json\/wp\/v2\/posts\/144","targetHints":{"allow":["GET"]}}],"collection":[{"href":"https:\/\/canakkaleulushaber.com\/index.php\/wp-json\/wp\/v2\/posts"}],"about":[{"href":"https:\/\/canakkaleulushaber.com\/index.php\/wp-json\/wp\/v2\/types\/post"}],"author":[{"embeddable":true,"href":"https:\/\/canakkaleulushaber.com\/index.php\/wp-json\/wp\/v2\/users\/1"}],"replies":[{"embeddable":true,"href":"https:\/\/canakkaleulushaber.com\/index.php\/wp-json\/wp\/v2\/comments?post=144"}],"version-history":[{"count":0,"href":"https:\/\/canakkaleulushaber.com\/index.php\/wp-json\/wp\/v2\/posts\/144\/revisions"}],"wp:featuredmedia":[{"embeddable":true,"href":"https:\/\/canakkaleulushaber.com\/index.php\/wp-json\/wp\/v2\/media\/143"}],"wp:attachment":[{"href":"https:\/\/canakkaleulushaber.com\/index.php\/wp-json\/wp\/v2\/media?parent=144"}],"wp:term":[{"taxonomy":"category","embeddable":true,"href":"https:\/\/canakkaleulushaber.com\/index.php\/wp-json\/wp\/v2\/categories?post=144"},{"taxonomy":"post_tag","embeddable":true,"href":"https:\/\/canakkaleulushaber.com\/index.php\/wp-json\/wp\/v2\/tags?post=144"}],"curies":[{"name":"wp","href":"https:\/\/api.w.org\/{rel}","templated":true}]}}