{"id":140,"date":"2020-11-19T10:15:25","date_gmt":"2020-11-19T10:15:25","guid":{"rendered":"https:\/\/gundemdunya.com\/moldovada-dodon-rusyadan-secimi-kazanan-sandu-batili-ulkelerden-destek-ariyor\/"},"modified":"2020-11-19T10:15:25","modified_gmt":"2020-11-19T10:15:25","slug":"moldovada-dodon-rusyadan-secimi-kazanan-sandu-batili-ulkelerden-destek-ariyor","status":"publish","type":"post","link":"https:\/\/canakkaleulushaber.com\/index.php\/2020\/11\/19\/moldovada-dodon-rusyadan-secimi-kazanan-sandu-batili-ulkelerden-destek-ariyor\/","title":{"rendered":"Moldova&#8217;da Dodon Rusya\u2019dan, se\u00e7imi kazanan Sandu bat\u0131l\u0131 \u00fclkelerden destek ar\u0131yor"},"content":{"rendered":"<p> Moldova&#8217;da ge\u00e7ti\u011fimiz hafta sonu yap\u0131lan se\u00e7imleri bat\u0131 yanl\u0131s\u0131 s\u00f6ylemleri ile dikkat \u00e7eken eski ba\u015fbakan Maia Sandu y\u00fczde 57.7 oy alarak kazan\u0131rken mevcut Cumhurba\u015fkan\u0131 olan ve Rusya yanl\u0131s\u0131 politikalar\u0131yla tan\u0131nan \u0130gor Dodon ise y\u00fczde 42.2 oy alarak se\u00e7imleri kaybetmi\u015fti. \u00dclke siyasetinde k\u00f6kl\u00fc de\u011fi\u015fikliklere gidilmesi beklenirken hen\u00fcz devir teslim yap\u0131lmadan Dodon ve Sandu&#8217;dan ziyaret a\u00e7\u0131klamalar\u0131 geldi. Cumhurba\u015fkan\u0131 \u0130gor Dodon, Rusya&#8217;n\u0131n Devlet Ba\u015fkan Yard\u0131mc\u0131s\u0131 Dmitri Kozak ile telefon g\u00f6r\u00fc\u015fmesi yapt\u0131\u011f\u0131n\u0131 a\u00e7\u0131klad\u0131. En yak\u0131n zamanda Moskova&#8217;ya gidece\u011fini a\u00e7\u0131klayan Dodon, \u201cKozak, Rusya ad\u0131na kendi d\u00f6nemimde 2 \u00fclke aras\u0131nda yap\u0131lan anla\u015fmalar ve ili\u015fkilerin geli\u015ftirilmesi anlam\u0131nda te\u015fekk\u00fcr etti. Moldova ve Rusya aras\u0131ndaki g\u00fcncel konular\u0131 tart\u0131\u015fmak \u00fczere Moskova&#8217;ya bir \u00e7al\u0131\u015fma ziyaretinde bulunaca\u011f\u0131m\u201d ifadelerini kulland\u0131.<\/p>\n<p> <strong>Sandu&#8217;dan Ukrayna mesaj\u0131<\/strong><\/p>\n<p> \u00d6te yandan se\u00e7imleri kazanan ve devir teslim i\u00e7in 23 Aral\u0131k tarihini bekleyen bat\u0131 yanl\u0131s\u0131 Maia Sandu ise \u0131s\u0131nma turlar\u0131na ba\u015flad\u0131. Sandu&#8217;nun bas\u0131n ofisinden yap\u0131lan a\u00e7\u0131klamada AB, ABD, Romanya ve Rusya B\u00fcy\u00fckel\u00e7ileri ile g\u00f6r\u00fc\u015fmeler yap\u0131ld\u0131\u011f\u0131 ve bu g\u00f6r\u00fc\u015fmelerin s\u00fcrece\u011fi belirtildi. Sandu, Ukrayna ile Moldova aras\u0131nda ge\u00e7mi\u015ften beri ya\u015fanan gerginli\u011fin \u00e7\u00f6z\u00fclmesine dair ad\u0131m atacaklar\u0131n\u0131 duyururken, \u201cMoldova izolasyondan \u00e7\u0131kacak, Ukrayna ile sorunlar\u0131 derhal \u00e7\u00f6zmeliyiz. Pek \u00e7ok sorunu \u00e7\u00f6zmek i\u00e7in \u00f6n\u00fcm\u00fczde f\u0131rsatlar var\u201d dedi.<\/p>\n<p> <strong>Erhan Alt\u0131parmak<\/strong><\/p>\n","protected":false},"excerpt":{"rendered":"<p>Moldova&#8217;da ge\u00e7ti\u011fimiz hafta sonu yap\u0131lan se\u00e7imleri bat\u0131 yanl\u0131s\u0131 s\u00f6ylemleri ile dikkat \u00e7eken eski ba\u015fbakan Maia Sandu y\u00fczde&#8230;<\/p>\n","protected":false},"author":1,"featured_media":123,"comment_status":"open","ping_status":"open","sticky":false,"template":"","format":"standard","meta":{"_monsterinsights_skip_tracking":false,"_monsterinsights_sitenote_active":false,"_monsterinsights_sitenote_note":"","_monsterinsights_sitenote_category":0,"footnotes":""},"categories":[2],"tags":[44,46,75,85,90,101,107,115,116,117,118,122,127,143,148,157,159,175,181,187,188,195,199,216],"class_list":["post-140","post","type-post","status-publish","format-standard","has-post-thumbnail","hentry","category-dunya","tag-bilim-teknoloji","tag-borsa","tag-doviz","tag-dunya","tag-ekonomi","tag-finans","tag-futbol","tag-guncel-haberler","tag-gundem","tag-haber","tag-haberler","tag-hava-durumu","tag-iha","tag-kultur-sanat","tag-magazin","tag-moda","tag-muzik","tag-politika","tag-saglik","tag-sinema","tag-siyaset","tag-son-dakika-haberleri","tag-spor","tag-turkiye"],"_links":{"self":[{"href":"https:\/\/canakkaleulushaber.com\/index.php\/wp-json\/wp\/v2\/posts\/140","targetHints":{"allow":["GET"]}}],"collection":[{"href":"https:\/\/canakkaleulushaber.com\/index.php\/wp-json\/wp\/v2\/posts"}],"about":[{"href":"https:\/\/canakkaleulushaber.com\/index.php\/wp-json\/wp\/v2\/types\/post"}],"author":[{"embeddable":true,"href":"https:\/\/canakkaleulushaber.com\/index.php\/wp-json\/wp\/v2\/users\/1"}],"replies":[{"embeddable":true,"href":"https:\/\/canakkaleulushaber.com\/index.php\/wp-json\/wp\/v2\/comments?post=140"}],"version-history":[{"count":0,"href":"https:\/\/canakkaleulushaber.com\/index.php\/wp-json\/wp\/v2\/posts\/140\/revisions"}],"wp:featuredmedia":[{"embeddable":true,"href":"https:\/\/canakkaleulushaber.com\/index.php\/wp-json\/wp\/v2\/media\/123"}],"wp:attachment":[{"href":"https:\/\/canakkaleulushaber.com\/index.php\/wp-json\/wp\/v2\/media?parent=140"}],"wp:term":[{"taxonomy":"category","embeddable":true,"href":"https:\/\/canakkaleulushaber.com\/index.php\/wp-json\/wp\/v2\/categories?post=140"},{"taxonomy":"post_tag","embeddable":true,"href":"https:\/\/canakkaleulushaber.com\/index.php\/wp-json\/wp\/v2\/tags?post=140"}],"curies":[{"name":"wp","href":"https:\/\/api.w.org\/{rel}","templated":true}]}}