{"id":139,"date":"2020-11-19T10:15:18","date_gmt":"2020-11-19T10:15:18","guid":{"rendered":"https:\/\/gundemdunya.com\/guney-avustralyada-6-gunluk-karantina-basladi-sokaklar-bos-kaldi\/"},"modified":"2020-11-19T10:15:18","modified_gmt":"2020-11-19T10:15:18","slug":"guney-avustralyada-6-gunluk-karantina-basladi-sokaklar-bos-kaldi","status":"publish","type":"post","link":"https:\/\/canakkaleulushaber.com\/index.php\/2020\/11\/19\/guney-avustralyada-6-gunluk-karantina-basladi-sokaklar-bos-kaldi\/","title":{"rendered":"G\u00fcney Avustralya\u2019da 6 g\u00fcnl\u00fck karantina ba\u015flad\u0131, sokaklar bo\u015f kald\u0131"},"content":{"rendered":"<p> Korona vir\u00fcs salg\u0131n\u0131n\u0131n ikinci dalgas\u0131yla m\u00fccadele eden \u00fclkelerden Avustralya&#8217;da, salg\u0131n\u0131n ba\u015flang\u0131c\u0131ndan bu yana s\u0131n\u0131rlar\u0131n kapat\u0131lmas\u0131 ve yayg\u0131n test-takip gibi s\u0131k\u0131 tedbirler uygulan\u0131yor. Avustralya&#8217;n\u0131n G\u00fcney Avustralya eyaleti, al\u0131nan s\u0131k\u0131 \u00f6nlemler sayesinde salg\u0131nla m\u00fccadelede \u00f6nemli bir ba\u015far\u0131 elde ederek, vak&#8217;a say\u0131lar\u0131n\u0131 ve korona vir\u00fcse ba\u011fl\u0131 can kayb\u0131 say\u0131s\u0131n\u0131 aylard\u0131r ayn\u0131 seviyede tutmay\u0131 ba\u015fard\u0131.<\/p>\n<p> \u00d6te yandan G\u00fcney Avustralya H\u00fckumeti, ge\u00e7ti\u011fimiz g\u00fcnlerde \u0130ngiltere&#8217;den d\u00f6nen bir yolcuyla ba\u011flant\u0131l\u0131 karantina ihlalinin ard\u0131ndan vak&#8217;a say\u0131lar\u0131n\u0131n artmas\u0131 nedeniyle tecrit kararlar\u0131n\u0131 s\u0131k\u0131la\u015ft\u0131raca\u011f\u0131n\u0131 duyurdu. H\u00fckumet, salg\u0131n\u0131n ikinci dalgas\u0131yla m\u00fccadele \u00f6nlemleri kapsam\u0131nda 6 g\u00fcnl\u00fck karantina ilan etti. Bug\u00fcnden itibaren eyalette a\u00e7\u0131k hava toplant\u0131lar\u0131na, d\u00fc\u011f\u00fcnlere ve cenazelere kat\u0131l\u0131m yasakland\u0131. Okullar, barlar, kafeler ve restoranlar da kapat\u0131ld\u0131. Eyalet i\u00e7inde ula\u015f\u0131m ve eyalet d\u0131\u015f\u0131na \u00e7\u0131k\u0131\u015f k\u0131s\u0131tland\u0131.<\/p>\n<p> Eyaletin halk sa\u011fl\u0131\u011f\u0131 g\u00f6revlilerinden Prof. Nicola Spurrier bas\u0131n toplant\u0131s\u0131nda, bug\u00fcn rapor edilecek yeni vak&#8217;a olmad\u0131\u011f\u0131n\u0131, enfekte olanlar\u0131n temas etti\u011fi 3 bin 200&#8217;e yak\u0131n ki\u015finin de karantina alt\u0131na al\u0131nd\u0131\u011f\u0131n\u0131 a\u00e7\u0131klad\u0131. Spurrier, &#8220;Vir\u00fcs\u00fcn bula\u015fma riskinin y\u00fcksek olmas\u0131 nedeniyle, \u00f6n\u00fcm\u00fczdeki 6 g\u00fcn boyunca insanlar\u0131n, g\u0131da ve temel t\u0131bbi ihtiya\u00e7lar\u0131n\u0131 giderecek kadar malzeme depolayarak evde kalmalar\u0131 gerekiyor\u201d dedi.<\/p>\n<h3> \u201cKritik bir noktaday\u0131z ama bunu atlataca\u011f\u0131z&#8221;<\/h3>\n<p> G\u00fcney Avustralya Ba\u015fbakan\u0131 Steven Marshall da d\u00fcn gazetecilere verdi\u011fi deme\u00e7te, &#8220;Endi\u015femiz, 6 g\u00fcnl\u00fck karantinan\u0131n i\u015fe yaramamas\u0131. \u0130kinci dalgay\u0131 durdurmak i\u00e7in 2. bir \u015fans yok. Kritik bir noktaday\u0131z ama bunu atlataca\u011f\u0131z&#8221; dedi. Sosyal medyaya yans\u0131yan g\u00f6r\u00fcnt\u00fclerde, eyalet \u00e7ap\u0131ndaki tecritin ilk g\u00fcn\u00fcnde ba\u015fkent Adelaide&#8217;de sokaklar\u0131n bombo\u015f kald\u0131\u011f\u0131 g\u00f6r\u00fcl\u00fcyor.<\/p>\n<p> \u015eu ana kadar korona vir\u00fcs nedeniyle 907 ki\u015finin hayat\u0131n\u0131 kaybetti\u011fi \u00fclkede toplam 27 bin 785 vak&#8217;a kaydedildi. \u00dclke genelinde korona vir\u00fcsten iyile\u015fen ki\u015fi say\u0131s\u0131 ise 25 bin 506&#8217;ya ula\u015ft\u0131.<\/p>\n","protected":false},"excerpt":{"rendered":"<p>Korona vir\u00fcs salg\u0131n\u0131n\u0131n ikinci dalgas\u0131yla m\u00fccadele eden \u00fclkelerden Avustralya&#8217;da, salg\u0131n\u0131n ba\u015flang\u0131c\u0131ndan bu yana s\u0131n\u0131rlar\u0131n kapat\u0131lmas\u0131 ve yayg\u0131n&#8230;<\/p>\n","protected":false},"author":1,"featured_media":138,"comment_status":"open","ping_status":"open","sticky":false,"template":"","format":"standard","meta":{"_monsterinsights_skip_tracking":false,"_monsterinsights_sitenote_active":false,"_monsterinsights_sitenote_note":"","_monsterinsights_sitenote_category":0,"footnotes":""},"categories":[2],"tags":[44,46,75,85,90,101,107,115,116,117,118,122,127,143,148,157,159,175,181,187,188,195,199,216],"class_list":["post-139","post","type-post","status-publish","format-standard","has-post-thumbnail","hentry","category-dunya","tag-bilim-teknoloji","tag-borsa","tag-doviz","tag-dunya","tag-ekonomi","tag-finans","tag-futbol","tag-guncel-haberler","tag-gundem","tag-haber","tag-haberler","tag-hava-durumu","tag-iha","tag-kultur-sanat","tag-magazin","tag-moda","tag-muzik","tag-politika","tag-saglik","tag-sinema","tag-siyaset","tag-son-dakika-haberleri","tag-spor","tag-turkiye"],"_links":{"self":[{"href":"https:\/\/canakkaleulushaber.com\/index.php\/wp-json\/wp\/v2\/posts\/139","targetHints":{"allow":["GET"]}}],"collection":[{"href":"https:\/\/canakkaleulushaber.com\/index.php\/wp-json\/wp\/v2\/posts"}],"about":[{"href":"https:\/\/canakkaleulushaber.com\/index.php\/wp-json\/wp\/v2\/types\/post"}],"author":[{"embeddable":true,"href":"https:\/\/canakkaleulushaber.com\/index.php\/wp-json\/wp\/v2\/users\/1"}],"replies":[{"embeddable":true,"href":"https:\/\/canakkaleulushaber.com\/index.php\/wp-json\/wp\/v2\/comments?post=139"}],"version-history":[{"count":0,"href":"https:\/\/canakkaleulushaber.com\/index.php\/wp-json\/wp\/v2\/posts\/139\/revisions"}],"wp:featuredmedia":[{"embeddable":true,"href":"https:\/\/canakkaleulushaber.com\/index.php\/wp-json\/wp\/v2\/media\/138"}],"wp:attachment":[{"href":"https:\/\/canakkaleulushaber.com\/index.php\/wp-json\/wp\/v2\/media?parent=139"}],"wp:term":[{"taxonomy":"category","embeddable":true,"href":"https:\/\/canakkaleulushaber.com\/index.php\/wp-json\/wp\/v2\/categories?post=139"},{"taxonomy":"post_tag","embeddable":true,"href":"https:\/\/canakkaleulushaber.com\/index.php\/wp-json\/wp\/v2\/tags?post=139"}],"curies":[{"name":"wp","href":"https:\/\/api.w.org\/{rel}","templated":true}]}}