{"id":122,"date":"2020-11-19T10:07:05","date_gmt":"2020-11-19T10:07:05","guid":{"rendered":"https:\/\/gundemdunya.com\/?p=122"},"modified":"2020-11-19T10:07:05","modified_gmt":"2020-11-19T10:07:05","slug":"aliyev-isgalden-kurtarilan-bolgede-azerbaycan-bayragini-operek-gondere-cekti","status":"publish","type":"post","link":"https:\/\/canakkaleulushaber.com\/index.php\/2020\/11\/19\/aliyev-isgalden-kurtarilan-bolgede-azerbaycan-bayragini-operek-gondere-cekti\/","title":{"rendered":"Aliyev, i\u015fgalden kurtar\u0131lan b\u00f6lgede Azerbaycan bayra\u011f\u0131n\u0131 \u00f6perek g\u00f6ndere \u00e7ekti"},"content":{"rendered":"<p> Ermenistan&#8217;\u0131n Azerbaycan kar\u015f\u0131s\u0131nda a\u011f\u0131r yenilgiye u\u011frat\u0131ld\u0131\u011f\u0131 \u00e7at\u0131\u015fmalar\u0131n ard\u0131ndan Azerbaycan Cumhurba\u015fkan\u0131 \u0130lham Aliyev ilk kez cephe hatt\u0131na giderek, Fuzuli ve Cebray\u0131l kentlerini ziyaret etti. Aliyev&#8217;e e\u015fi Mihriban Aliyeva da e\u015flik etti. Aliyev ve e\u015fi, Aras Nehri \u00fczerinde bulunan ve Azerbaycan ve \u0130ran&#8217;\u0131 birbirine ba\u011flayan Hudaferin K\u00f6pr\u00fcs\u00fc&#8217;nde incelemelerde bulundu.\u00a0<\/p>\n<p> Aliyeva&#8217;n\u0131n sosyal medya hesab\u0131ndan payla\u015ft\u0131\u011f\u0131 g\u00f6r\u00fcnt\u00fclerde konu\u015fan Cumhurba\u015fkan\u0131 Aliyev, \u201dHudaferin K\u00f6pr\u00fcs\u00fc az ileride. Bunlarda vah\u015fi d\u00fc\u015fman taraf\u0131ndan y\u0131k\u0131lan Azerbaycan vatanda\u015flar\u0131n\u0131n evleri. Araz Nehri Azerbaycan-\u0130ran s\u0131n\u0131r\u0131. Dostluk s\u0131n\u0131r\u0131\u201d ifadelerini kulland\u0131.<\/p>\n<p> Cumhurba\u015fkan\u0131 Aliyev, y\u0131llar sonra Ermenistan i\u015fgalinden kurtar\u0131lan b\u00f6lgede Azerbaycan bayra\u011f\u0131n\u0131 \u00f6perek g\u00f6ndere \u00e7ekti.<\/p>\n<p> Yol boyunca Ermenistan taraf\u0131ndan kullan\u0131lmaz hale getirilen evleri g\u00f6steren Aliyev, \u201cYerle bir edilmi\u015f k\u00f6yleri ve evleri g\u00f6rd\u00fc\u011f\u00fcm\u00fcz zaman nas\u0131l vah\u015fi bir d\u00fc\u015fmanla kar\u015f\u0131la\u015ft\u0131\u011f\u0131m\u0131z\u0131 bir daha anl\u0131yoruz. D\u00fcnyan\u0131n bir\u00e7ok noktas\u0131nda sava\u015f devam ediyor ama ben inanm\u0131yorum ki, kimse bu kadar vah\u015fi bir d\u00fc\u015fmanla kar\u015f\u0131la\u015fs\u0131n. Bizim zaferimiz hakk\u0131n ve adaletin sa\u011flanmas\u0131d\u0131r. Bug\u00fcn 16 Kas\u0131m benim hayat\u0131mda \u00f6nemli bir g\u00fcn olarak kalacakt\u0131r. Biz birazdan Azerbaycan&#8217;\u0131n en eski mimari abidelerinden biri olan Hudaferin K\u00f6pr\u00fcs\u00fc&#8217;ne ula\u015faca\u011f\u0131z\u201d dedi.<\/p>\n<p> Kamil Nadirli<br \/> \u00a0<\/p>\n","protected":false},"excerpt":{"rendered":"<p>Ermenistan&#8217;\u0131n Azerbaycan kar\u015f\u0131s\u0131nda a\u011f\u0131r yenilgiye u\u011frat\u0131ld\u0131\u011f\u0131 \u00e7at\u0131\u015fmalar\u0131n ard\u0131ndan Azerbaycan Cumhurba\u015fkan\u0131 \u0130lham Aliyev ilk kez cephe hatt\u0131na giderek,&#8230;<\/p>\n","protected":false},"author":1,"featured_media":121,"comment_status":"open","ping_status":"open","sticky":false,"template":"","format":"standard","meta":{"_monsterinsights_skip_tracking":false,"_monsterinsights_sitenote_active":false,"_monsterinsights_sitenote_note":"","_monsterinsights_sitenote_category":0,"footnotes":""},"categories":[10],"tags":[44,46,75,85,90,101,107,115,116,117,118,122,127,143,148,157,159,175,181,187,188,195,199,216],"class_list":["post-122","post","type-post","status-publish","format-standard","has-post-thumbnail","hentry","category-politika","tag-bilim-teknoloji","tag-borsa","tag-doviz","tag-dunya","tag-ekonomi","tag-finans","tag-futbol","tag-guncel-haberler","tag-gundem","tag-haber","tag-haberler","tag-hava-durumu","tag-iha","tag-kultur-sanat","tag-magazin","tag-moda","tag-muzik","tag-politika","tag-saglik","tag-sinema","tag-siyaset","tag-son-dakika-haberleri","tag-spor","tag-turkiye"],"_links":{"self":[{"href":"https:\/\/canakkaleulushaber.com\/index.php\/wp-json\/wp\/v2\/posts\/122","targetHints":{"allow":["GET"]}}],"collection":[{"href":"https:\/\/canakkaleulushaber.com\/index.php\/wp-json\/wp\/v2\/posts"}],"about":[{"href":"https:\/\/canakkaleulushaber.com\/index.php\/wp-json\/wp\/v2\/types\/post"}],"author":[{"embeddable":true,"href":"https:\/\/canakkaleulushaber.com\/index.php\/wp-json\/wp\/v2\/users\/1"}],"replies":[{"embeddable":true,"href":"https:\/\/canakkaleulushaber.com\/index.php\/wp-json\/wp\/v2\/comments?post=122"}],"version-history":[{"count":0,"href":"https:\/\/canakkaleulushaber.com\/index.php\/wp-json\/wp\/v2\/posts\/122\/revisions"}],"wp:featuredmedia":[{"embeddable":true,"href":"https:\/\/canakkaleulushaber.com\/index.php\/wp-json\/wp\/v2\/media\/121"}],"wp:attachment":[{"href":"https:\/\/canakkaleulushaber.com\/index.php\/wp-json\/wp\/v2\/media?parent=122"}],"wp:term":[{"taxonomy":"category","embeddable":true,"href":"https:\/\/canakkaleulushaber.com\/index.php\/wp-json\/wp\/v2\/categories?post=122"},{"taxonomy":"post_tag","embeddable":true,"href":"https:\/\/canakkaleulushaber.com\/index.php\/wp-json\/wp\/v2\/tags?post=122"}],"curies":[{"name":"wp","href":"https:\/\/api.w.org\/{rel}","templated":true}]}}