{"id":119,"date":"2020-11-19T10:06:48","date_gmt":"2020-11-19T10:06:48","guid":{"rendered":"https:\/\/gundemdunya.com\/?p=119"},"modified":"2020-11-19T10:06:48","modified_gmt":"2020-11-19T10:06:48","slug":"chp-nevsehir-milletvekili-sariaslan-korona-viruse-yakalandi","status":"publish","type":"post","link":"https:\/\/canakkaleulushaber.com\/index.php\/2020\/11\/19\/chp-nevsehir-milletvekili-sariaslan-korona-viruse-yakalandi\/","title":{"rendered":"CHP Nev\u015fehir milletvekili Sar\u0131aslan, korona vir\u00fcse yakaland\u0131"},"content":{"rendered":"<p> CHP Nev\u015fehir milletvekili Faruk Sar\u0131aslan sosyal medya hesab\u0131ndan yapt\u0131\u011f\u0131 a\u00e7\u0131klamada, \u201cV\u00fccut k\u0131rg\u0131nl\u0131\u011f\u0131 \u015fikayetiyle Ankara \u015eehir Hastanesi&#8217;ne ba\u015fvurdum. Burada yap\u0131lan Covid-19 testimin negatif \u00e7\u0131kmas\u0131na ra\u011fmen \u00e7ekilen tomografi sonucunda Covit-19 bulgular\u0131na rastland\u0131. Hekimlerimizin tavsiyeleri do\u011frultusunda tedavi s\u00fcrecimi evde ge\u00e7iriyorum. Bir s\u00fcreli\u011fine Nev\u015fehir \u2018den ve halk\u0131m\u0131zdan uzak kalaca\u011f\u0131m\u201d s\u00f6zlerini payla\u015ft\u0131.<\/p>\n<p> <strong>Co\u015fkun Sa\u011flamdin<\/strong><br \/> \u00a0<\/p>\n","protected":false},"excerpt":{"rendered":"<p>CHP Nev\u015fehir milletvekili Faruk Sar\u0131aslan sosyal medya hesab\u0131ndan yapt\u0131\u011f\u0131 a\u00e7\u0131klamada, \u201cV\u00fccut k\u0131rg\u0131nl\u0131\u011f\u0131 \u015fikayetiyle Ankara \u015eehir Hastanesi&#8217;ne ba\u015fvurdum&#8230;.<\/p>\n","protected":false},"author":1,"featured_media":118,"comment_status":"open","ping_status":"open","sticky":false,"template":"","format":"standard","meta":{"_monsterinsights_skip_tracking":false,"_monsterinsights_sitenote_active":false,"_monsterinsights_sitenote_note":"","_monsterinsights_sitenote_category":0,"footnotes":""},"categories":[10],"tags":[44,46,75,85,90,101,107,115,116,117,118,122,127,143,148,157,159,175,181,187,188,195,199,216],"class_list":["post-119","post","type-post","status-publish","format-standard","has-post-thumbnail","hentry","category-politika","tag-bilim-teknoloji","tag-borsa","tag-doviz","tag-dunya","tag-ekonomi","tag-finans","tag-futbol","tag-guncel-haberler","tag-gundem","tag-haber","tag-haberler","tag-hava-durumu","tag-iha","tag-kultur-sanat","tag-magazin","tag-moda","tag-muzik","tag-politika","tag-saglik","tag-sinema","tag-siyaset","tag-son-dakika-haberleri","tag-spor","tag-turkiye"],"_links":{"self":[{"href":"https:\/\/canakkaleulushaber.com\/index.php\/wp-json\/wp\/v2\/posts\/119","targetHints":{"allow":["GET"]}}],"collection":[{"href":"https:\/\/canakkaleulushaber.com\/index.php\/wp-json\/wp\/v2\/posts"}],"about":[{"href":"https:\/\/canakkaleulushaber.com\/index.php\/wp-json\/wp\/v2\/types\/post"}],"author":[{"embeddable":true,"href":"https:\/\/canakkaleulushaber.com\/index.php\/wp-json\/wp\/v2\/users\/1"}],"replies":[{"embeddable":true,"href":"https:\/\/canakkaleulushaber.com\/index.php\/wp-json\/wp\/v2\/comments?post=119"}],"version-history":[{"count":0,"href":"https:\/\/canakkaleulushaber.com\/index.php\/wp-json\/wp\/v2\/posts\/119\/revisions"}],"wp:featuredmedia":[{"embeddable":true,"href":"https:\/\/canakkaleulushaber.com\/index.php\/wp-json\/wp\/v2\/media\/118"}],"wp:attachment":[{"href":"https:\/\/canakkaleulushaber.com\/index.php\/wp-json\/wp\/v2\/media?parent=119"}],"wp:term":[{"taxonomy":"category","embeddable":true,"href":"https:\/\/canakkaleulushaber.com\/index.php\/wp-json\/wp\/v2\/categories?post=119"},{"taxonomy":"post_tag","embeddable":true,"href":"https:\/\/canakkaleulushaber.com\/index.php\/wp-json\/wp\/v2\/tags?post=119"}],"curies":[{"name":"wp","href":"https:\/\/api.w.org\/{rel}","templated":true}]}}