{"id":117,"date":"2020-11-19T10:06:40","date_gmt":"2020-11-19T10:06:40","guid":{"rendered":"https:\/\/gundemdunya.com\/?p=117"},"modified":"2020-11-19T10:06:40","modified_gmt":"2020-11-19T10:06:40","slug":"milli-savunma-bakani-akar-kibris-turkiyenin-milli-bir-meselesidir","status":"publish","type":"post","link":"https:\/\/canakkaleulushaber.com\/index.php\/2020\/11\/19\/milli-savunma-bakani-akar-kibris-turkiyenin-milli-bir-meselesidir\/","title":{"rendered":"Milli Savunma Bakan\u0131 Akar: &#8216;K\u0131br\u0131s, T\u00fcrkiye&#8217;nin milli bir meselesidir&#8217;"},"content":{"rendered":"<p> Toplant\u0131da, Libya&#8217;daki Savunma G\u00fcvenlik \u0130\u015fbirli\u011fi ve E\u011fitim Yard\u0131m Dan\u0131\u015fma Komutanl\u0131\u011f\u0131, NATO Karargah\u0131&#8217;ndaki T\u00fcrk Askeri Temsil Heyeti Ba\u015fkan\u0131, KKTC&#8217;deki K\u0131br\u0131s T\u00fcrk Bar\u0131\u015f Kuvvetleri Komutan\u0131&#8217;n\u0131n yan\u0131 s\u0131ra Muharip Hava Kuvveti ve Donanma komutanlar\u0131 devam eden faaliyetler ve sahadaki son duruma ili\u015fkin bilgi verdi.<\/p>\n<p> Savunma ve g\u00fcvenlik konular\u0131 kapsam\u0131nda Do\u011fu Akdeniz&#8217;deki geli\u015fmeler, ter\u00f6rle m\u00fccadele harekatlar\u0131 ve korona vir\u00fcsle m\u00fccadelede al\u0131nan tedbirlerin de ele al\u0131nd\u0131\u011f\u0131 toplant\u0131da talimatlar veren Bakan Akar, T\u00fcrk Silahl\u0131 Kuvvetleri&#8217;nin yo\u011fun bir d\u00f6nemden ge\u00e7ti\u011fini belirtti.<\/p>\n<p> G\u00f6revlerini ba\u015far\u0131yla yerine getiren t\u00fcm personeli kutlayan Akar, &#8220;\u0130n\u015fallah bundan sonra da ayn\u0131 ciddiyet ve samimiyetle, diyalog ve koordinasyon i\u00e7inde faaliyetleri y\u00fcr\u00fctmek suretiyle bize verilen g\u00f6revleri ba\u015faraca\u011f\u0131z&#8221; diye konu\u015ftu.<\/p>\n<p> Da\u011fl\u0131k Karaba\u011f&#8217;a ili\u015fkin imzalanan anla\u015fma sonras\u0131nda T\u00fcrkiye ve Rusya Savunma Bakanl\u0131klar\u0131 aras\u0131nda mutabakat muht\u0131ras\u0131n\u0131n imzaland\u0131\u011f\u0131n\u0131 an\u0131msatan Akar, &#8220;Bunlar\u0131n hepsi \u00e7er\u00e7eve, bunun alt\u0131n\u0131 doldurmak i\u00e7in \u00e7al\u0131\u015fmak gerekiyor. Bununla ilgili geni\u015f bir teknik heyet Rusya&#8217;dan geldi. G\u00f6r\u00fc\u015fmeler yap\u0131ld\u0131, kar\u015f\u0131l\u0131kl\u0131 \u00e7al\u0131\u015fmam\u0131z devam ediyor&#8221; diye konu\u015ftu.<\/p>\n<p> Akar, Ermenistan&#8217;\u0131n i\u015fgal etti\u011fi topraklardan \u00e7ekilirken evleri, ormanlar\u0131 yakmas\u0131na da tepki g\u00f6sterdi.<\/p>\n<p> <strong>&#8220;K\u0131br\u0131s, T\u00fcrkiye&#8217;nin milli bir meselesidir&#8221;<\/strong><\/p>\n<p> Kuzey K\u0131br\u0131s T\u00fcrk Cumhuriyeti&#8217;nin 37. kurulu\u015f y\u0131l d\u00f6n\u00fcm\u00fcn\u00fc de bir kez daha kutlayan Akar, \u015funlar\u0131 s\u00f6yledi:<br \/> &#8220;KKTC&#8217;nin g\u00fcven i\u00e7inde olmas\u0131 i\u00e7in elimizden geleni yapmam\u0131z laz\u0131m. G\u00fcvenli\u011fi sa\u011flans\u0131n ki arkas\u0131ndan refah gelebilsin. Bu konuda bizim tutumumuz belli, K\u0131br\u0131s, T\u00fcrkiye&#8217;nin milli bir meselesidir. Yeni d\u00f6nemde de bu ayn\u0131 \u015fekilde devam edecektir. Daha \u00f6nceki tutum, durum ve d\u00fc\u015f\u00fcncelerimiz neyse ayn\u0131 bak\u0131\u015f a\u00e7\u0131s\u0131nda, duru\u015ftay\u0131z. Bu konuda Say\u0131n Cumhurba\u015fkan\u0131m\u0131z KKTC&#8217;nin 37. kurulu\u015f y\u0131l d\u00f6n\u00fcm\u00fc dolay\u0131s\u0131yla d\u00fczenlenen t\u00f6rende yapt\u0131\u011f\u0131 konu\u015fmas\u0131nda her \u015feyi a\u00e7\u0131k ve net \u015fekilde ortaya koydular. O \u00e7er\u00e7evede meseleye bak\u0131p, elimizden gelen gayreti g\u00f6stermek durumunday\u0131z. Dile\u011fimiz, temennimiz bar\u0131\u015f\u00e7\u0131l, siyasi yol ve y\u00f6ntemlerle kal\u0131c\u0131 bir \u00e7\u00f6z\u00fcm\u00fcn ortaya \u00e7\u0131kmas\u0131d\u0131r. Bu arada Rumlar\u0131n uzla\u015fmaz tutumlar\u0131ndan vazge\u00e7mesi, oradaki T\u00fcrk varl\u0131\u011f\u0131n\u0131n kabul edilmesi, onlar\u0131n egemen ve e\u015fit unsurlar oldu\u011funun bilinmesi laz\u0131m. Herhangi bir oldubittiye m\u00fcsaade etmeyece\u011fimizi defaten s\u00f6yledik, zaten bunun bir m\u00fcmk\u00fcnat\u0131 da yok. T\u00fcrkiye olarak her zaman oldu\u011fu gibi KKTC&#8217;nin hakk\u0131na, hukukunu sahip \u00e7\u0131kacak, hi\u00e7bir \u015fekilde \u00e7i\u011fnetmeyece\u011fiz.&#8221;<\/p>\n<p> T\u00fcrkiye&#8217;nin garant\u00f6rl\u00fckten do\u011fan sorumluluklar\u0131n\u0131 yerine getirmeye devam edece\u011fini belirten Akar, hi\u00e7bir oldubittiye izin vermeyeceklerini de yineledi. Ara\u015ft\u0131rma gemilerinin Do\u011fu Akdeniz&#8217;deki teknik ve bilimsel \u00e7al\u0131\u015fmalar\u0131n\u0131 s\u00fcrd\u00fcrd\u00fc\u011f\u00fcn\u00fc ifade eden Akar, &#8220;Bu gemilerimiz \u00e7al\u0131\u015fmalar\u0131n\u0131 s\u00fcrd\u00fcr\u00fcyor, biz de onlar\u0131n g\u00fcvenli\u011fini sa\u011fl\u0131yor, onlara refakat ediyoruz. Bu konuda kararl\u0131y\u0131z. TSK olarak bizler, karada, denizde, havada \u00fclkemizin ve milletimizin hak, alaka ve menfaatlerini korumak ve kollamakta kararl\u0131y\u0131z&#8221; diye konu\u015ftu.<br \/> S\u00f6zlerinin sonunda \u015fehit ve gazileri minnetle yad eden Hulusi Akar, &#8220;Peygamber oca\u011f\u0131 olarak da bilinen ve bu milletin ba\u011fr\u0131ndan \u00e7\u0131kan T\u00fcrk Silahl\u0131 Kuvvetleri akl\u0131n ve bilimin \u0131\u015f\u0131\u011f\u0131nda, anayasa ve yasalar \u00e7er\u00e7evesinde Cumhurba\u015fkan\u0131m\u0131z\u0131n talimatlar\u0131 do\u011frultusunda &#8216;\u00d6l\u00fcrsem \u015fehit kal\u0131rsam gazi anlay\u0131\u015f\u0131&#8217; i\u00e7inde her t\u00fcrl\u00fc zorlu\u011fa g\u00f6\u011f\u00fcs gererek milletinin emrinde, g\u00f6revinin ba\u015f\u0131ndad\u0131r&#8221; ifadelerini kulland\u0131.<\/p>\n","protected":false},"excerpt":{"rendered":"<p>Toplant\u0131da, Libya&#8217;daki Savunma G\u00fcvenlik \u0130\u015fbirli\u011fi ve E\u011fitim Yard\u0131m Dan\u0131\u015fma Komutanl\u0131\u011f\u0131, NATO Karargah\u0131&#8217;ndaki T\u00fcrk Askeri Temsil Heyeti Ba\u015fkan\u0131,&#8230;<\/p>\n","protected":false},"author":1,"featured_media":116,"comment_status":"open","ping_status":"open","sticky":false,"template":"","format":"standard","meta":{"_monsterinsights_skip_tracking":false,"_monsterinsights_sitenote_active":false,"_monsterinsights_sitenote_note":"","_monsterinsights_sitenote_category":0,"footnotes":""},"categories":[10],"tags":[44,46,75,85,90,101,107,115,116,117,118,122,127,143,148,157,159,175,181,187,188,195,199,216],"class_list":["post-117","post","type-post","status-publish","format-standard","has-post-thumbnail","hentry","category-politika","tag-bilim-teknoloji","tag-borsa","tag-doviz","tag-dunya","tag-ekonomi","tag-finans","tag-futbol","tag-guncel-haberler","tag-gundem","tag-haber","tag-haberler","tag-hava-durumu","tag-iha","tag-kultur-sanat","tag-magazin","tag-moda","tag-muzik","tag-politika","tag-saglik","tag-sinema","tag-siyaset","tag-son-dakika-haberleri","tag-spor","tag-turkiye"],"_links":{"self":[{"href":"https:\/\/canakkaleulushaber.com\/index.php\/wp-json\/wp\/v2\/posts\/117","targetHints":{"allow":["GET"]}}],"collection":[{"href":"https:\/\/canakkaleulushaber.com\/index.php\/wp-json\/wp\/v2\/posts"}],"about":[{"href":"https:\/\/canakkaleulushaber.com\/index.php\/wp-json\/wp\/v2\/types\/post"}],"author":[{"embeddable":true,"href":"https:\/\/canakkaleulushaber.com\/index.php\/wp-json\/wp\/v2\/users\/1"}],"replies":[{"embeddable":true,"href":"https:\/\/canakkaleulushaber.com\/index.php\/wp-json\/wp\/v2\/comments?post=117"}],"version-history":[{"count":0,"href":"https:\/\/canakkaleulushaber.com\/index.php\/wp-json\/wp\/v2\/posts\/117\/revisions"}],"wp:featuredmedia":[{"embeddable":true,"href":"https:\/\/canakkaleulushaber.com\/index.php\/wp-json\/wp\/v2\/media\/116"}],"wp:attachment":[{"href":"https:\/\/canakkaleulushaber.com\/index.php\/wp-json\/wp\/v2\/media?parent=117"}],"wp:term":[{"taxonomy":"category","embeddable":true,"href":"https:\/\/canakkaleulushaber.com\/index.php\/wp-json\/wp\/v2\/categories?post=117"},{"taxonomy":"post_tag","embeddable":true,"href":"https:\/\/canakkaleulushaber.com\/index.php\/wp-json\/wp\/v2\/tags?post=117"}],"curies":[{"name":"wp","href":"https:\/\/api.w.org\/{rel}","templated":true}]}}