{"id":115,"date":"2020-11-19T10:06:30","date_gmt":"2020-11-19T10:06:30","guid":{"rendered":"https:\/\/gundemdunya.com\/?p=115"},"modified":"2020-11-19T10:06:30","modified_gmt":"2020-11-19T10:06:30","slug":"azerbaycan-cumhurbaskani-ilham-aliyev-fuzuli-ve-cebrayil-bolgelerini-ziyaret-etti","status":"publish","type":"post","link":"https:\/\/canakkaleulushaber.com\/index.php\/2020\/11\/19\/azerbaycan-cumhurbaskani-ilham-aliyev-fuzuli-ve-cebrayil-bolgelerini-ziyaret-etti\/","title":{"rendered":"Azerbaycan Cumhurba\u015fkan\u0131 \u0130lham Aliyev Fuzuli ve Cebray\u0131l b\u00f6lgelerini ziyaret etti"},"content":{"rendered":"<p> Ermenistan&#8217;\u0131n Azerbaycan kar\u015f\u0131s\u0131nda a\u011f\u0131r yenilgiye u\u011frat\u0131ld\u0131\u011f\u0131 \u00e7at\u0131\u015fmalar\u0131n ard\u0131ndan Azerbaycan Cumhurba\u015fkan\u0131 \u0130lham Aliyev cephe b\u00f6lgesini ilk kez Fuzuli ve Cebray\u0131l b\u00f6lgelerini ziyaret etti.<\/p>\n<p> F\u00fczuli kentini ziyareti s\u0131ras\u0131nda e\u015fi Mehriban Aliyeva ile birlikte, F\u00fczuli b\u00f6lgesinden \u015eu\u015fa&#8217;ya karayolu yap\u0131m\u0131n\u0131 inceledikten sonra konu\u015fan Azerbaycan Cumhurba\u015fkan\u0131 \u0130lham Aliyev, &#8220;\u015eu\u015fa i\u015fgalden kurtar\u0131ld\u0131ktan sonra d\u00fc\u015fman bize kar\u015f\u0131 direnmenin bir anlam\u0131 olmad\u0131\u011f\u0131n\u0131 anlad\u0131. \u015eu\u015fa i\u015fgalden kurtar\u0131ld\u0131ktan bir g\u00fcn sonra, kahraman Azerbaycan ordusu 70&#8217;ten fazla yerle\u015fim yerini i\u015fgalcilerden kurtard\u0131. Asl\u0131nda bu, d\u00fc\u015fmana vurulan son darbe oldu. D\u00fc\u015fman\u0131n 10 Kas\u0131m&#8217;da fiilen teslimiyete imza atmas\u0131 tesad\u00fcf de\u011fil. \u015eu\u015fa&#8217;n\u0131n i\u015fgalden kurtar\u0131lmas\u0131 bizim g\u00fcc\u00fcm\u00fcz\u00fc g\u00f6sterdi. Ordumuzun profesyonelli\u011fini, askerlerimizin cesaretini ve kahramanl\u0131\u011f\u0131n\u0131 g\u00f6sterdi&#8221; dedi.<\/p>\n<p> <img decoding=\"async\" alt=\"\" src=\"https:\/\/canakkaleulushaber.com\/wp-content\/uploads\/2020\/11\/azerbaycan-cumhurbaskani-ilham-aliyev-fuzuli-ve-cebrayil-bolgelerini-ziyaret-etti-5fb643a0e1da0.jpg\"\/><\/p>\n<p> <strong>&#8220;Azerbaycan&#8217;\u0131n toprak b\u00fct\u00fcnl\u00fc\u011f\u00fcn\u00fc yeniden sa\u011flayaca\u011f\u0131n\u0131 s\u00f6yledim&#8221;<\/strong><\/p>\n<p> \u015eu\u015fa&#8217;n\u0131n kurtar\u0131lmas\u0131n\u0131n b\u00fcy\u00fck bir profesyonellik ve cesaret gerektiren bir operasyon oldu\u011funu kaydeden Cumhurba\u015fkan\u0131 Aliyev, &#8220;Bu operasyonun d\u00fcnya harp tarihinde \u00f6zel bir yeri olaca\u011f\u0131na inan\u0131yorum. \u00c7\u00fcnk\u00fc kahraman askerlerimiz \u015eu\u015fa&#8217;y\u0131 da\u011flardan, ormanlardan, patikalardan ge\u00e7erek sadece hafif silahlarla kurtard\u0131lar. \u015eu\u015fa&#8217;n\u0131n i\u015fgalden kurtar\u0131lmas\u0131 bizim \u015fanl\u0131 zaferimizdir. 17 y\u0131l i\u00e7inde Cumhurba\u015fkan\u0131 ve Ba\u015fkomutan olarak Ermenistan-Azerbaycan Da\u011fl\u0131k Karaba\u011f ihtilaf\u0131yla ilgili olarak defalarca s\u00f6z\u00fcm\u00fc s\u00f6yledim. Azerbaycan&#8217;\u0131n tarihi topraklar\u0131nda ikinci bir Ermeni devletinin kurulmas\u0131na asla izin vermeyece\u011fimizi s\u00f6yledim. Azerbaycan&#8217;\u0131n toprak b\u00fct\u00fcnl\u00fc\u011f\u00fcn\u00fcn hi\u00e7bir zaman m\u00fczakere konusu olmad\u0131\u011f\u0131n\u0131 ve olmayaca\u011f\u0131n\u0131 s\u00f6yledim. Azerbaycan&#8217;\u0131n toprak b\u00fct\u00fcnl\u00fc\u011f\u00fcn\u00fc yeniden sa\u011flayaca\u011f\u0131n\u0131 s\u00f6yledim. Bar\u0131\u015f yoluyla olmazsa, askeri yolla bunu yapaca\u011f\u0131m\u0131z\u0131 s\u00f6yledim. A\u00e7\u0131klamalar\u0131m her yerde yay\u0131mland\u0131. Ben bu s\u00f6zleri s\u00f6yledim ve yapt\u0131m. Hi\u00e7bir stat\u00fc s\u00f6z konusu olamaz. Tek bir Azerbaycan devleti var. \u00c7ok uluslu, \u00e7ok dinli ilerici bir Azerbaycan devleti var. T\u00fcm Azerbaycan vatanda\u015flar\u0131, b\u00fct\u00fcn milletlerin ve dinlerin temsilcileri bar\u0131\u015f\u00e7\u0131l bir ortamda normal ya\u015fam s\u00fcr\u00fcyorlar. Ermeni halk\u0131 da bu \u015fekilde ya\u015fayacak. Bizim Ermeni halk\u0131yla i\u015fimiz yok\u201d diye konu\u015ftu.<\/p>\n<p> <strong>&#8220;D\u00fc\u015fman\u0131 teslimiyet anla\u015fmas\u0131n\u0131 imzalamaya zorlad\u0131k&#8221;<\/strong><\/p>\n<p> \u0130htilaf\u0131n askeri a\u015famas\u0131n\u0131n sona ermesi ve siyasi \u00e7\u00f6z\u00fcm a\u015famas\u0131n\u0131n ba\u015flamas\u0131ndan bahseden Aliyev, \u201cH\u00e2lihaz\u0131rda ihtilaf\u0131n siyasi \u00e7\u00f6z\u00fcm\u00fc a\u015famas\u0131nday\u0131z. Azerbaycan bu a\u015famada da istedi\u011fini elde ediyor ve edecek. \u0130htilaf\u0131n askeri a\u015famas\u0131 sona erdi. \u015eu\u015fa&#8217;n\u0131n ve 9 Kas\u0131m&#8217;da 70&#8217;ten fazla yerle\u015fim biriminin i\u015fgalden kurtar\u0131lmas\u0131, ihtilaf\u0131n askeri a\u015famas\u0131na son verdi. \u0130htilaf\u0131n ve \u0130kinci Karaba\u011f Sava\u015f\u0131n\u0131n ba\u015f\u0131nda da s\u00f6ylemi\u015ftim, bug\u00fcn de b\u00fcy\u00fck bir gururla s\u00f6yl\u00fcyorum. Sorunun askeri-siyasi \u00e7\u00f6z\u00fcm yollar\u0131 vard\u0131 ve Azerbaycan bunu sava\u015f meydan\u0131nda kan\u0131tlad\u0131. D\u00fc\u015fman\u0131 teslimiyet anla\u015fmas\u0131n\u0131 imzalamaya zorlad\u0131k ve b\u00f6ylece bizim bug\u00fcne kadar i\u015fgal alt\u0131nda tutulan A\u011fdam, La\u00e7\u0131n ve Kelbecer kentlerimiz \u00f6n\u00fcm\u00fczdeki g\u00fcnlerde Azerbaycan&#8217;a geri verilecek. K\u00f6t\u00fc niyetli d\u00fc\u015fman bug\u00fcn de barbarl\u0131k yaparak evleri, okullar\u0131 yak\u0131yor, a\u011fa\u00e7lar\u0131 kesiyor. B\u00fct\u00fcn d\u00fcnya bunu g\u00f6r\u00fcyor, b\u00fct\u00fcn \u00f6nde gelen uluslararas\u0131 televizyon kanallar bunu yay\u0131ml\u0131yor. Ne vicdan var, ne utanma, ne de ahlak. Bu nedenle \u0130kinci Karaba\u011f Sava\u015f\u0131nda elde edilen zafer tarihi bir \u00f6neme sahip. Bu, sadece Azerbaycan&#8217;\u0131n topraklar\u0131n\u0131 i\u015fgalcilerinden kurtarmas\u0131 meselesi de\u011fil. Bu, ayn\u0131 zamanda t\u00fcm d\u00fcnyaya, t\u00fcm i\u015fgalcilere sonlar\u0131n\u0131n b\u00f6yle olabilece\u011fini g\u00f6steriyor. \u0130\u015fgalcilerin sonu bu \u015fekilde olacak. Bug\u00fcn, bu g\u00fczel temel atma t\u00f6reni b\u00fcy\u00fck bir sembolik \u00f6neme sahip. Kurtar\u0131lan F\u00fczuli b\u00f6lgesinin k\u00f6ylerinden Fizuli \u015fehrine, Fizuli \u015fehrinden kurtar\u0131lm\u0131\u015f \u015eu\u015fa \u015fehrine yeni bir yol in\u015fa ediyoruz. Bu yol hi\u00e7 olmad\u0131. Azerbaycan vatanda\u015flar\u0131 muhtemelen Sovyet d\u00f6neminde \u015eu\u015fa&#8217;ya giden yolun A\u011fdam-Hankendi-\u015eu\u015fa yolundan ge\u00e7ti\u011fini biliyorlar. \u015eu anda bu yolu kullanmak hen\u00fcz m\u00fcmk\u00fcn de\u011fil. Azerbaycan halk\u0131n\u0131 bu harika olaydan dolay\u0131 bir kez daha y\u00fcrekten kutluyorum. Karaba\u011f bizimdir, Karaba\u011f Azerbaycan&#8217;d\u0131r!\u201d dedi.<\/p>\n<p> <strong>Aliyev Hudaferin K\u00f6pr\u00fcs\u00fcnde incelemelerde bulundu<\/strong><\/p>\n<p> Aliyev ve e\u015fi Mihriban Aliyeva Aras Nehri \u00fczerinde bulunan ve Azerbaycan ve \u0130ran&#8217;\u0131 birbirine ba\u011flayan Hudaferin k\u00f6pr\u00fcs\u00fcnde de incelemelerde bulundu.<\/p>\n<p> Kamil Nadirli<br \/> \u00a0<\/p>\n","protected":false},"excerpt":{"rendered":"<p>Ermenistan&#8217;\u0131n Azerbaycan kar\u015f\u0131s\u0131nda a\u011f\u0131r yenilgiye u\u011frat\u0131ld\u0131\u011f\u0131 \u00e7at\u0131\u015fmalar\u0131n ard\u0131ndan Azerbaycan Cumhurba\u015fkan\u0131 \u0130lham Aliyev cephe b\u00f6lgesini ilk kez Fuzuli&#8230;<\/p>\n","protected":false},"author":1,"featured_media":113,"comment_status":"open","ping_status":"open","sticky":false,"template":"","format":"standard","meta":{"_monsterinsights_skip_tracking":false,"_monsterinsights_sitenote_active":false,"_monsterinsights_sitenote_note":"","_monsterinsights_sitenote_category":0,"footnotes":""},"categories":[10],"tags":[44,46,75,85,90,101,107,115,116,117,118,122,127,143,148,157,159,175,181,187,188,195,199,216],"class_list":["post-115","post","type-post","status-publish","format-standard","has-post-thumbnail","hentry","category-politika","tag-bilim-teknoloji","tag-borsa","tag-doviz","tag-dunya","tag-ekonomi","tag-finans","tag-futbol","tag-guncel-haberler","tag-gundem","tag-haber","tag-haberler","tag-hava-durumu","tag-iha","tag-kultur-sanat","tag-magazin","tag-moda","tag-muzik","tag-politika","tag-saglik","tag-sinema","tag-siyaset","tag-son-dakika-haberleri","tag-spor","tag-turkiye"],"_links":{"self":[{"href":"https:\/\/canakkaleulushaber.com\/index.php\/wp-json\/wp\/v2\/posts\/115","targetHints":{"allow":["GET"]}}],"collection":[{"href":"https:\/\/canakkaleulushaber.com\/index.php\/wp-json\/wp\/v2\/posts"}],"about":[{"href":"https:\/\/canakkaleulushaber.com\/index.php\/wp-json\/wp\/v2\/types\/post"}],"author":[{"embeddable":true,"href":"https:\/\/canakkaleulushaber.com\/index.php\/wp-json\/wp\/v2\/users\/1"}],"replies":[{"embeddable":true,"href":"https:\/\/canakkaleulushaber.com\/index.php\/wp-json\/wp\/v2\/comments?post=115"}],"version-history":[{"count":0,"href":"https:\/\/canakkaleulushaber.com\/index.php\/wp-json\/wp\/v2\/posts\/115\/revisions"}],"wp:featuredmedia":[{"embeddable":true,"href":"https:\/\/canakkaleulushaber.com\/index.php\/wp-json\/wp\/v2\/media\/113"}],"wp:attachment":[{"href":"https:\/\/canakkaleulushaber.com\/index.php\/wp-json\/wp\/v2\/media?parent=115"}],"wp:term":[{"taxonomy":"category","embeddable":true,"href":"https:\/\/canakkaleulushaber.com\/index.php\/wp-json\/wp\/v2\/categories?post=115"},{"taxonomy":"post_tag","embeddable":true,"href":"https:\/\/canakkaleulushaber.com\/index.php\/wp-json\/wp\/v2\/tags?post=115"}],"curies":[{"name":"wp","href":"https:\/\/api.w.org\/{rel}","templated":true}]}}