{"id":112,"date":"2020-11-19T10:06:16","date_gmt":"2020-11-19T10:06:16","guid":{"rendered":"https:\/\/gundemdunya.com\/?p=112"},"modified":"2020-11-19T10:06:16","modified_gmt":"2020-11-19T10:06:16","slug":"cumhurbaskani-erdogan-yeni-bir-reform-hazirligi-icindeyiz","status":"publish","type":"post","link":"https:\/\/canakkaleulushaber.com\/index.php\/2020\/11\/19\/cumhurbaskani-erdogan-yeni-bir-reform-hazirligi-icindeyiz\/","title":{"rendered":"Cumhurba\u015fkan\u0131 Erdo\u011fan: &#8216;Yeni bir reform haz\u0131rl\u0131\u011f\u0131 i\u00e7indeyiz&#8217;"},"content":{"rendered":"<p> Cumhurba\u015fkanl\u0131\u011f\u0131 K\u00fclliyesi&#8217;nde yap\u0131lan Kabine Toplant\u0131s\u0131 sonras\u0131nda kameralar\u0131n kar\u015f\u0131s\u0131na ge\u00e7en Cumhurba\u015fkan\u0131 Erdo\u011fan, g\u00fcndemdeki geli\u015fmelere ili\u015fkin \u00f6nemli a\u00e7\u0131klamalarda bulundu.<\/p>\n<p> <strong>\u201cT\u00fcrkiye ile KKTC&#8217;yi birbirinden ay\u0131rmak isteyenlere en g\u00fczel cevab\u0131 verdi\u011fimize inan\u0131yorum\u201d<\/strong><\/p>\n<p> Ge\u00e7ti\u011fimiz hafta sonu Kuzey K\u0131br\u0131s T\u00fcrk Cumhuriyetine yapt\u0131\u011f\u0131 ziyarete ili\u015fkin bilgi veren Cumhurba\u015fkan\u0131 Erdo\u011fan, \u201cK\u0131br\u0131s meselesinden bihaber, Kapal\u0131 Mara\u015f&#8217;\u0131n a\u00e7\u0131lmas\u0131n\u0131n stratejik \u00f6nemini kavrayamam\u0131\u015f, bizim oraya yapt\u0131\u011f\u0131m\u0131z ziyaretin mesaj\u0131n\u0131 anlamam\u0131\u015f olanlar\u0131n bu programa piknik g\u00f6z\u00fcyle bakmas\u0131 pek tabidir. Hamdolsun milletimiz meselenin ne oldu\u011funu da, orada yapt\u0131\u011f\u0131m\u0131z i\u015fin manas\u0131n\u0131 da iyi biliyor. Bu program ile T\u00fcrkiye ile KKTC&#8217;yi birbirinden ay\u0131rmak isteyenlere en g\u00fczel cevab\u0131 verdi\u011fimize inan\u0131yorum. Rum, Yunan ikilisinin uzla\u015fmaz tutumlar\u0131 sebebiyle art\u0131k yeniden konu\u015fulmas\u0131, tart\u0131\u015f\u0131lmas\u0131, m\u00fczakeresi anlams\u0131z hale gelen hususlar\u0131 bir kenara b\u0131rakarak yeni bir gelecek in\u015fas\u0131 i\u00e7in hep beraber kollar\u0131 s\u0131v\u0131yoruz. KKTC ger\u00e7e\u011fini b\u00f6lgede ve t\u00fcm d\u00fcnyada kabul ettirecek bir d\u00f6neme girdi\u011fimize inan\u0131yorum\u201d diye konu\u015ftu.<\/p>\n<p> <strong>\u201cDevlet \u0130zmir&#8217;e ve \u0130zmirlilere sahip \u00e7\u0131km\u0131\u015ft\u0131r\u201d<\/strong><\/p>\n<p> \u0130zmir&#8217;de ya\u015fanan depreme ili\u015fkin konu\u015fan ve depremin hemen ard\u0131ndan T\u00fcrkiye Afet M\u00fcdahale Plan\u0131n\u0131n i\u015flemeye ba\u015flad\u0131\u011f\u0131n\u0131n alt\u0131n\u0131 \u00e7izen Cumhurba\u015fkan\u0131 Erdo\u011fan, \u201c\u0130zmir depreminde iyi bir s\u0131nav verdi\u011fimize inan\u0131yorum\u201d diye konu\u015ftu.<\/p>\n<p> Depremin ard\u0131ndan saat ya\u015fanan geli\u015fmeleri anlatan Cumhurba\u015fkan\u0131 Erdo\u011fan, \u201cT\u00fcm planlar\u0131n ve haz\u0131rl\u0131klar\u0131n adeta t\u0131k\u0131r t\u0131k\u0131r i\u015fledi\u011fi bir organizasyonla devlet \u0130zmir&#8217;e ve \u0130zmirlilere sahip \u00e7\u0131km\u0131\u015ft\u0131r\u201d \u015feklinde konu\u015ftu.<\/p>\n<p> \u201cArt\u0131k \u00fclkemizdeki hi\u00e7bir afetin ard\u0131ndan \u2018nerede bu devlet&#8217; sesleri y\u00fckselmiyor. \u00c7\u00fcnk\u00fc devlet ilk andan itibaren hep milletimizin yan\u0131nda yer al\u0131yor\u201d ifadelerini kullanan Erdo\u011fan, depremin yol a\u00e7t\u0131\u011f\u0131 hasar\u0131n kal\u0131c\u0131 olarak giderilmesi i\u00e7in \u00e7al\u0131\u015fmalar\u0131n ba\u015flat\u0131ld\u0131\u011f\u0131n\u0131 belirtti.<\/p>\n<p> <strong>\u201c\u0130nand\u0131\u011f\u0131m\u0131z adalet kavram\u0131, yarg\u0131 ile ilgili olman\u0131n \u00e7ok \u00f6tesinde bir manaya ve i\u015fleve sahiptir\u201d<\/strong><\/p>\n<p> T\u00fcrkiye&#8217;yi son 18 y\u0131lda tarihinin en b\u00fcy\u00fck demokrasi ve kalk\u0131nma reformlar\u0131 ile tan\u0131\u015ft\u0131rm\u0131\u015f bir y\u00f6netim olarak T\u00fcrkiye&#8217;yi yeni d\u00f6neme haz\u0131rlaman\u0131n da en ba\u015fta gelen g\u00f6revleri oldu\u011funu s\u00f6yleyen Erdo\u011fan, \u201cZihniyet olarak tek parti devri fa\u015fizminden bir ad\u0131m \u00f6teye ge\u00e7ememi\u015f olanlar bizim de\u011fi\u015fim ve reform ba\u015far\u0131lar\u0131m\u0131z\u0131n \u00fcr\u00fcn\u00fc olan sonu\u00e7lar\u0131 dahi tabu haline getirmeye \u00e7al\u0131\u015f\u0131yor\u201d dedi.<\/p>\n<p> De\u011fi\u015fimin dinamik bir s\u00fcre\u00e7 oldu\u011funu, bunun i\u00e7in reform g\u00fcndeminden hi\u00e7 kopmad\u0131klar\u0131n\u0131 s\u00f6yleyen Erdo\u011fan, \u201cBug\u00fcne kadar adalet ile kalk\u0131nmay\u0131, hukuk ile ekonomiyi, \u00f6zg\u00fcrl\u00fck ile g\u00fcvenli\u011fi birbirini tamamlayan iki olgu olarak kabul eden bir anlay\u0131\u015fla milletimizin huzurunda olduk. Hukuk devletinden anlad\u0131\u011f\u0131m\u0131z mevzuat devleti de\u011fildir. Biz daima toplum hayat\u0131n\u0131n temeli olarak g\u00f6rd\u00fc\u011f\u00fcm\u00fcz adalet, \u00f6zg\u00fcrl\u00fck, e\u015fitlik ve insan haklar\u0131na dayanan bir normlar sisteminin in\u015fas\u0131ndan yana olduk. Adaletin olmad\u0131\u011f\u0131 yerde di\u011fer t\u00fcm imkanlar\u0131n birer zul\u00fcm arac\u0131na d\u00f6n\u00fc\u015ft\u00fcr\u00fclebilece\u011fini biliyoruz.<\/p>\n<p> Bu bak\u0131mdan bizim anlad\u0131\u011f\u0131m\u0131z ve inand\u0131\u011f\u0131m\u0131z adalet kavram\u0131, yarg\u0131 ile ilgili olman\u0131n \u00e7ok \u00f6tesinde bir manaya ve i\u015fleve sahiptir. Medeniyetimizde ve k\u00fclt\u00fcr\u00fcm\u00fczde adalet kavram\u0131n\u0131n \u00f6zellikle \u00fczerinde \u00e7ok\u00e7a durulmas\u0131n\u0131n sebebi sahip oldu\u011fu bu derin ve g\u00fc\u00e7l\u00fc anlamd\u0131r. Adalet ancak keyfi uygulamalara m\u00fcsamaha g\u00f6stermeyen, masumiyet karinesine her a\u015famada sahip \u00e7\u0131kan, su\u00e7 ve cezan\u0131n \u015fahsili\u011fi ilkesini merkeze koyan bir hukuk d\u00fczeniyle sa\u011flanabilir. 15 Temmuz&#8217;da milletin yazd\u0131\u011f\u0131 destan\u0131 hukukla ta\u00e7land\u0131ran, darbecilerden millet ad\u0131na hesap soran yarg\u0131n\u0131n daha iyi i\u015flemesi i\u00e7in ne gerekiyorsa yapaca\u011f\u0131z\u201d ifadelerini kulland\u0131.<\/p>\n<p> <strong>\u201c\u0130nsan Haklar\u0131 Eylem Plan\u0131 bu haz\u0131rl\u0131klar\u0131n en \u00f6nemlilerinden biridir\u201d<\/strong><\/p>\n<p> Berat Albayrak&#8217;\u0131n g\u00f6revinden aff\u0131n\u0131 istemesinden sonra ya\u015fanan g\u00f6rev de\u011fi\u015fikli\u011fine de\u011finen ve Hazine ve Maliye Bakanl\u0131\u011f\u0131na L\u00fctfi Elvan&#8217;\u0131n getirildi\u011fini hat\u0131rlatan Cumhurba\u015fkan\u0131 Erdo\u011fan, \u201cAyn\u0131 \u015fekilde Merkez Bankas\u0131 ile Cumhurba\u015fkanl\u0131\u011f\u0131 Strateji ve B\u00fct\u00e7e Ba\u015fkanl\u0131\u011f\u0131nda da yeni g\u00f6revlendirmeler yapt\u0131k. Bu g\u00f6rev de\u011fi\u015fiklikleri k\u00fcresel d\u00fczeyde ya\u015fanan siyasi ve ekonomik de\u011fi\u015fimlere uygun \u015fekilde \u00fclkemizde de hukuk ve ekonomi alan\u0131nda k\u00f6kl\u00fc reformlara haz\u0131rl\u0131k yapt\u0131\u011f\u0131m\u0131z bir d\u00f6nemde ger\u00e7ekle\u015fti.<\/p>\n<p> Salg\u0131n s\u00fcrecinin h\u0131zland\u0131rd\u0131\u011f\u0131 yeni k\u00fcresel ekonomik mimaride T\u00fcrkiye&#8217;nin \u00f6n\u00fcnde a\u00e7\u0131lan f\u0131rsat pencerelerini de\u011ferlendirmekte kararl\u0131y\u0131z. Kurdu\u011fumuz g\u00fc\u00e7l\u00fc \u00fcretim, ihracat ve istihdam alt yap\u0131s\u0131 en \u00f6nemli g\u00f6rev ve g\u00fcven kayna\u011f\u0131m\u0131zd\u0131r. Bu alt yap\u0131y\u0131 ancak ekonominin ruhu diyebilece\u011fimiz g\u00fcven unsurlar\u0131 ile birle\u015ftirerek arzu etti\u011fimiz s\u0131\u00e7ramay\u0131 yakalayabiliriz. Bunun i\u00e7in bug\u00fcne kadar t\u00fcm yapt\u0131klar\u0131m\u0131za ilave olarak yeni reformlar\u0131n haz\u0131rl\u0131\u011f\u0131 i\u00e7indeyiz. \u0130nsan Haklar\u0131 Eylem Plan\u0131 bu haz\u0131rl\u0131klar\u0131n en \u00f6nemlilerinden biridir. Adalet Bakanl\u0131\u011f\u0131m\u0131z kapsaml\u0131 isti\u015farelerin ard\u0131ndan yeni d\u00f6nemin yol haritas\u0131 olacak \u0130nsan Haklar\u0131 Eylem Plan\u0131n\u0131n ana ba\u015fl\u0131klar\u0131n\u0131 olu\u015fturdu. \u00d6n\u00fcm\u00fczdeki g\u00fcnlerde ekonomik hayat\u0131n t\u00fcm payda\u015flar\u0131yla da \u00e7al\u0131\u015farak \u0130nsan Haklar\u0131 Eylem Plan\u0131 tasla\u011f\u0131na son hali verilecek.<\/p>\n<p> Bu \u00e7er\u00e7evede piyasa aksakl\u0131klar\u0131n\u0131n giderilmesi, rekabet\u00e7i piyasa mekanizmas\u0131n\u0131n etkin i\u015fleyi\u015finin sa\u011flanmas\u0131, m\u00fclkiyet hakk\u0131 ve s\u00f6zle\u015fme serbestisi gibi konular da ele al\u0131nacak. Ortaya \u00e7\u0131kacak ihtiya\u00e7lara g\u00f6re mevzuat de\u011fi\u015fikli\u011fi veya idari tedbirler noktas\u0131nda gereken ad\u0131mlar k\u0131sa s\u00fcrede at\u0131lacak. Kamu g\u00fcc\u00fcn\u00fc \u00f6zg\u00fcrl\u00fckleri daraltan de\u011fil, \u00f6zg\u00fcrl\u00fckleri koruyan ve ya\u015fatan temel zemin olarak g\u00f6rmeye devam edece\u011fiz. Haklar\u0131m\u0131z\u0131 ve \u00f6zg\u00fcrl\u00fckleri koruyaca\u011f\u0131m\u0131z bir vatana sahip olmak, bu vatanda ezan\u0131m\u0131zla, bayra\u011f\u0131m\u0131zla, istiklalimizin sembol\u00fc t\u00fcm de\u011ferlerimizle ya\u015famak yine \u00f6nceliklerimizin en ba\u015f\u0131nda yer alacak.<\/p>\n<p> Ter\u00f6rle m\u00fccadelemizden b\u00f6lgemizdeki harekatlar\u0131m\u0131za, kalk\u0131nma gayretlerimizden ekonomideki hedeflerimize kadar t\u00fcm \u00e7al\u0131\u015fmalar\u0131m\u0131z\u0131 bu anlay\u0131\u015fla y\u00fcr\u00fct\u00fcyoruz. Bug\u00fcne kadar hep alt\u0131n\u0131 \u00e7izdi\u011fimiz gibi \u00f6zg\u00fcrl\u00fck ve g\u00fcvenlik gibi kavramlar\u0131n\u0131n birbirine kar\u015f\u0131 de\u011fil, birbirlerini tamamlayacak \u015fekilde hayat bulmas\u0131n\u0131 sa\u011flamakta kararl\u0131y\u0131z\u201d a\u00e7\u0131klamas\u0131nda bulundu.<\/p>\n<p> <strong>\u201cCan ac\u0131t\u0131c\u0131 neticelere yol a\u00e7an tedbirlerin tekrar g\u00fcndeme gelmesi ka\u00e7\u0131n\u0131lmaz hale gelir\u201d<\/strong><\/p>\n<p> Korona vir\u00fcs salg\u0131n\u0131 ile ilgili yap\u0131lan \u00e7al\u0131\u015fmalara ili\u015fkin konu\u015fan Erdo\u011fan, \u201cSalg\u0131n\u0131n ilk ba\u015flad\u0131\u011f\u0131 d\u00f6nemlerdeki \u00f6ng\u00f6r\u00fclerin \u00e7ok \u00f6tesinde a\u011f\u0131r bir durum ile kar\u015f\u0131 kar\u015f\u0131yay\u0131z. Sonbahar ile birlikte yeniden t\u0131rman\u0131\u015fa ge\u00e7en hasta ve \u00f6l\u00fcm say\u0131lar\u0131 Avrupa ve d\u00fcnyan\u0131n pek \u00e7ok yerinde tedbirlerin s\u0131k\u0131la\u015ft\u0131r\u0131lmas\u0131 sonucunu do\u011furdu. \u00dclkemizde de \u0130stanbul ba\u015fta olmak \u00fczere kimi \u015fehirlerimizde ciddi seviyelere ula\u015fan hasta ve \u00f6l\u00fcm say\u0131lar\u0131 \u00e7ok daha dikkatli olmam\u0131z gerekti\u011fine i\u015faret ediyor.<\/p>\n<p> Sa\u011fl\u0131k alt yap\u0131m\u0131z\u0131n ve sa\u011fl\u0131k \u00e7al\u0131\u015fanlar\u0131m\u0131z\u0131n s\u0131n\u0131rlar\u0131n\u0131 zorlamadan temizlik, maske, mesafe kurallar\u0131na riayet ederek bu dalgay\u0131 atlatmam\u0131z gerekecek. \u015eayet salg\u0131n\u0131n seyri t\u0131rman\u0131\u015f\u0131n\u0131 s\u00fcrd\u00fcr\u00fcrse hepimiz i\u00e7in can ac\u0131t\u0131c\u0131 neticelere yol a\u00e7an tedbirlerin tekrar g\u00fcndeme gelmesi ka\u00e7\u0131n\u0131lmaz hale gelir. T\u00fcrkiye olarak salg\u0131nla m\u00fccadeleyi ekonomimizi ayakta tutarak ba\u015far\u0131ya ula\u015ft\u0131rma mecburiyetimiz var. Devlet olarak k\u0131sa \u00e7al\u0131\u015fma \u00f6dene\u011finden sosyal yard\u0131mlara kadar her alanda milletimizin yan\u0131nday\u0131z\u201d dedi.<\/p>\n<p> <strong>Derya Yetim<\/strong><\/p>\n<p> \u00a0<\/p>\n<p> \u00a0<\/p>\n<p> \u00a0<\/p>\n","protected":false},"excerpt":{"rendered":"<p>Cumhurba\u015fkanl\u0131\u011f\u0131 K\u00fclliyesi&#8217;nde yap\u0131lan Kabine Toplant\u0131s\u0131 sonras\u0131nda kameralar\u0131n kar\u015f\u0131s\u0131na ge\u00e7en Cumhurba\u015fkan\u0131 Erdo\u011fan, g\u00fcndemdeki geli\u015fmelere ili\u015fkin \u00f6nemli a\u00e7\u0131klamalarda bulundu&#8230;.<\/p>\n","protected":false},"author":1,"featured_media":111,"comment_status":"open","ping_status":"open","sticky":false,"template":"","format":"standard","meta":{"_monsterinsights_skip_tracking":false,"_monsterinsights_sitenote_active":false,"_monsterinsights_sitenote_note":"","_monsterinsights_sitenote_category":0,"footnotes":""},"categories":[10],"tags":[44,46,75,85,90,101,107,115,116,117,118,122,127,143,148,157,159,175,181,187,188,195,199,216],"class_list":["post-112","post","type-post","status-publish","format-standard","has-post-thumbnail","hentry","category-politika","tag-bilim-teknoloji","tag-borsa","tag-doviz","tag-dunya","tag-ekonomi","tag-finans","tag-futbol","tag-guncel-haberler","tag-gundem","tag-haber","tag-haberler","tag-hava-durumu","tag-iha","tag-kultur-sanat","tag-magazin","tag-moda","tag-muzik","tag-politika","tag-saglik","tag-sinema","tag-siyaset","tag-son-dakika-haberleri","tag-spor","tag-turkiye"],"_links":{"self":[{"href":"https:\/\/canakkaleulushaber.com\/index.php\/wp-json\/wp\/v2\/posts\/112","targetHints":{"allow":["GET"]}}],"collection":[{"href":"https:\/\/canakkaleulushaber.com\/index.php\/wp-json\/wp\/v2\/posts"}],"about":[{"href":"https:\/\/canakkaleulushaber.com\/index.php\/wp-json\/wp\/v2\/types\/post"}],"author":[{"embeddable":true,"href":"https:\/\/canakkaleulushaber.com\/index.php\/wp-json\/wp\/v2\/users\/1"}],"replies":[{"embeddable":true,"href":"https:\/\/canakkaleulushaber.com\/index.php\/wp-json\/wp\/v2\/comments?post=112"}],"version-history":[{"count":0,"href":"https:\/\/canakkaleulushaber.com\/index.php\/wp-json\/wp\/v2\/posts\/112\/revisions"}],"wp:featuredmedia":[{"embeddable":true,"href":"https:\/\/canakkaleulushaber.com\/index.php\/wp-json\/wp\/v2\/media\/111"}],"wp:attachment":[{"href":"https:\/\/canakkaleulushaber.com\/index.php\/wp-json\/wp\/v2\/media?parent=112"}],"wp:term":[{"taxonomy":"category","embeddable":true,"href":"https:\/\/canakkaleulushaber.com\/index.php\/wp-json\/wp\/v2\/categories?post=112"},{"taxonomy":"post_tag","embeddable":true,"href":"https:\/\/canakkaleulushaber.com\/index.php\/wp-json\/wp\/v2\/tags?post=112"}],"curies":[{"name":"wp","href":"https:\/\/api.w.org\/{rel}","templated":true}]}}